{"id":67144,"date":"2020-05-12T04:58:33","date_gmt":"2020-05-12T04:58:33","guid":{"rendered":"https:\/\/de.newseurope.info\/?p=67144"},"modified":"2020-05-12T10:12:00","modified_gmt":"2020-05-12T10:12:00","slug":"empoerung-ueber-lockerungen-der-gefaehrliche-gipfelabstieg-von-downing-street","status":"publish","type":"post","link":"https:\/\/de.newseurope.info\/?p=67144","title":{"rendered":"Emp\u00f6rung \u00fcber Lockerungen: Der gef\u00e4hrliche Gipfelabstieg von Downing Street"},"content":{"rendered":"<div>\n<div class=\"image_description\">Fahrgast einer Londoner U-Bahn am Montag.<\/div>\n<p class=\"post_description\">\n<p>Der Gipfel habe bezwungen werden k&ouml;nnen, aber der Abstieg vom Berg erweise sich oft als gef&auml;hrlicher, sagte <a href=\"https:\/\/www.faz.net\/aktuell\/politik\/thema\/boris-johnson\" title=\"Boris Johnson\">Boris Johnson<\/a> in seiner Fernsehansprache am Sonntagabend. Das Bild, das auf die Pandemie gem&uuml;nzt war, holte den Premierminister am Montag politisch ein. Sein Stufenkonzept f&uuml;r den Ausstieg aus dem Lockdown &ndash; pr&auml;sentiert als &bdquo;Skizze eines Fahrplans&ldquo; &ndash; wurde f&uuml;r undurchdacht erkl&auml;rt, unklar, sogar f&uuml;r r&uuml;cksichtslos. Auch wenn die Kritik &uuml;berwiegend von politischen Gegnern kam, hatte die Regierung ihre liebe M&uuml;he, sich dem Sturm der Vorw&uuml;rfe entgegenzustellen.<\/p>\n<p>Dabei war Johnson, zumindest aus Sicht seiner eigenen Partei, keineswegs vorgeprescht. Er wolle mit seinem Plan die Sorgen auf beiden Seiten der Gesellschaft ber&uuml;cksichtigen, sagte er: die &Auml;ngste vor dem Virus ebenso wie die &Auml;ngste, die mit der &bdquo;erzwungenen Inaktivit&auml;t&ldquo; verbunden seien. Die unmittelbaren Lockerungen, die er dann ank&uuml;ndigte, waren, im internationalen Vergleich, zur&uuml;ckhaltend. Aufgehoben wurden nur einige Ausgangsbeschr&auml;nkungen.<\/p>\n<h3 class=\"atc-SubHeadline\">Zur Arbeit, aber ohne &ouml;ffentliche Verkehrsmittel<\/h3>\n<p class=\"atc-TextParagraph\">Es ist jetzt erlaubt, jeweils ein Mitglied eines anderen Haushalts im &ouml;ffentlichen Raum zu treffen und das Haus beliebig oft zu verlassen. Gesch&auml;fte und Schulen werden hingegen noch mindestens drei Wochen geschlossen bleiben. Die Gastronomie darf bestenfalls auf Juli hoffen. Die Einreiseregeln wurden sogar versch&auml;rft, und erstmals sehen sich die Briten mit der Aufforderung konfrontiert, beim Einkaufen und in Bussen und Bahnen das Gesicht zu bedecken.<\/p>\n<div class=\"source\">Quelle: <a href=\"https:\/\/www.faz.net\/aktuell\/politik\/ausland\/kritik-an-johnsons-corona-lockerungen-in-grossbritannien-16765065.html\">https:\/\/www.faz.net\/aktuell\/politik\/ausland\/kritik-an-johnsons-corona-lockerungen-in-grossbritannien-16765065.html<\/a><\/div>\n<\/div>\n","protected":false},"excerpt":{"rendered":"<p>Fahrgast einer Londoner U-Bahn am Montag. Der Gipfel habe bezwungen werden k&ouml;nnen, aber der Abstieg vom Berg erweise sich oft als gef&auml;hrlicher, sagte Boris Johnson in seiner Fernsehansprache am Sonntagabend. Das Bild, das auf die Pandemie gem&uuml;nzt war, holte den Premierminister am Montag politisch ein. Sein Stufenkonzept f&uuml;r den Ausstieg aus dem Lockdown &ndash; pr&auml;sentiert als &bdquo;Skizze eines Fahrplans&ldquo; &ndash; wurde f&uuml;r undurchdacht erkl&auml;rt, unklar, sogar f&uuml;r r&uuml;cksichtslos. Auch wenn die Kritik &uuml;berwiegend von politischen Gegnern kam, hatte die Regierung [&hellip;]<\/p>\n","protected":false},"author":1,"featured_media":67157,"comment_status":"open","ping_status":"open","sticky":false,"template":"","format":"standard","meta":{"footnotes":""},"categories":[35,21],"tags":[23028,1940,22426,23029,5658,327,923],"class_list":["post-67144","post","type-post","status-publish","format-standard","has-post-thumbnail","hentry","category-ausland","category-politik","tag-abstieg","tag-boris-johnson","tag-coronavirus","tag-gipfelabstieg","tag-labour-party","tag-london","tag-schottland"],"_links":{"self":[{"href":"https:\/\/de.newseurope.info\/index.php?rest_route=\/wp\/v2\/posts\/67144","targetHints":{"allow":["GET"]}}],"collection":[{"href":"https:\/\/de.newseurope.info\/index.php?rest_route=\/wp\/v2\/posts"}],"about":[{"href":"https:\/\/de.newseurope.info\/index.php?rest_route=\/wp\/v2\/types\/post"}],"author":[{"embeddable":true,"href":"https:\/\/de.newseurope.info\/index.php?rest_route=\/wp\/v2\/users\/1"}],"replies":[{"embeddable":true,"href":"https:\/\/de.newseurope.info\/index.php?rest_route=%2Fwp%2Fv2%2Fcomments&post=67144"}],"version-history":[{"count":0,"href":"https:\/\/de.newseurope.info\/index.php?rest_route=\/wp\/v2\/posts\/67144\/revisions"}],"wp:featuredmedia":[{"embeddable":true,"href":"https:\/\/de.newseurope.info\/index.php?rest_route=\/wp\/v2\/media\/67157"}],"wp:attachment":[{"href":"https:\/\/de.newseurope.info\/index.php?rest_route=%2Fwp%2Fv2%2Fmedia&parent=67144"}],"wp:term":[{"taxonomy":"category","embeddable":true,"href":"https:\/\/de.newseurope.info\/index.php?rest_route=%2Fwp%2Fv2%2Fcategories&post=67144"},{"taxonomy":"post_tag","embeddable":true,"href":"https:\/\/de.newseurope.info\/index.php?rest_route=%2Fwp%2Fv2%2Ftags&post=67144"}],"curies":[{"name":"wp","href":"https:\/\/api.w.org\/{rel}","templated":true}]}}