{"id":66835,"date":"2020-04-20T12:12:42","date_gmt":"2020-04-20T12:12:42","guid":{"rendered":"https:\/\/de.newseurope.info\/?p=66835"},"modified":"2020-04-21T08:53:28","modified_gmt":"2020-04-21T08:53:28","slug":"bekaempfung-des-coronavirus-bayern-fuehrt-maskenpflicht-in-geschaeften-und-im-nahverkehr-ein","status":"publish","type":"post","link":"https:\/\/de.newseurope.info\/?p=66835","title":{"rendered":"Bek\u00e4mpfung des Coronavirus: Bayern f\u00fchrt Maskenpflicht in Gesch\u00e4ften und im Nahverkehr ein"},"content":{"rendered":"<div>\n<div class=\"image_description\">Bayerns Ministerpr&auml;sident Markus S&ouml;der (CSU) am Montag im Landtag in M&uuml;nchen<\/div>\n<p class=\"post_description\">\n<p>Der bayerische Ministerpr&auml;sident Markus S&ouml;der (CSU) hat am Montag in einer Regierungserkl&auml;rung angek&uuml;ndigt, dass von kommender Woche an in &ouml;ffentlichen Verkehrsmitteln und Gesch&auml;ften im ganzen Land ein einfacher Mundschutz getragen werden muss. Auch ein Schal sei ausreichend, um der Maskenpflicht nachzukommen. Nach Sachsen und &ndash; in begrenztem Ma&szlig; &ndash; Mecklenburg-Vorpommern ist Bayern damit das dritte Bundesland, in dem die Regierung eine derartige Pflicht beschlie&szlig;t &ndash; oder, wie S&ouml;der hervorhob, das &bdquo;erste in Westdeutschland&ldquo;. So sollen Lockerungen auf anderen Gebieten, etwa im Einzelhandel, medizinisch abgesichert werden.<\/p>\n<p>S&ouml;der sagte, er habe schon in der Schaltkonferenz mit den Ministerpr&auml;sidenten und der Bundeskanzlerin daf&uuml;r votiert, eine Maskenpflicht einzuf&uuml;hren &ndash; der Kompromiss sei die &bdquo;dringende Empfehlung&ldquo; gewesen. Er habe sich dann nochmal ausf&uuml;hrlich mit Fachleuten beraten und sich in Folge dessen f&uuml;r die Maskenpflicht entschieden &ndash; mit einw&ouml;chigem Vorlauf.<\/p>\n<p class=\"atc-TextParagraph\">Der Ministerpr&auml;sident zog insgesamt eine &bdquo;verhalten-positive&ldquo; Zwischenbilanz der Corona-Bek&auml;mpfung im Freistaat: Die Verdopplungsrate an Infizierten habe vor vier Wochen bei drei Tagen gelegen, heute liege sie bei 34 Tagen. Seinerzeit habe ein Corona-Infizierter sechs Personen angesteckt, heute sei der sogenannte Reproduktionsfaktor 0,7. S&ouml;der hob hervor, dass ohne die Ma&szlig;nahmen der Staatsregierung &bdquo;Bayern von Corona &uuml;berfahren worden&ldquo; w&auml;re. Er warb f&uuml;r ein stufenweises Vorgehen bei den Lockerungen nach Sektoren. Das sei ein Gebot der Vorsicht, die Bayern seit Beginn der Krise f&uuml;r sich in Anspruch nimmt. Wie der Vorsitzende der CSU-Fraktion Thomas Kreuzer in der Aussprache erl&auml;uterte, soll so aber auch erm&ouml;glicht werden, Infektionsherde besser auszumachen. &bdquo;W&uuml;rden wir gleichzeitig die Ladengesch&auml;fte &ouml;ffnen, die Gastronomie &ouml;ffnen, die Schulen &ouml;ffnen und h&auml;tten morgen einen massiven Anstieg der Infektionszahlen, dann h&auml;tte dies zur Folge, dass wir alles zur&uuml;cknehmen m&uuml;ssten, auf einen Schlag, weil wir nicht wissen k&ouml;nnen, wenn wir so verfahren: Liegt es an der Schul&ouml;ffnung, liegt es an der Laden&ouml;ffnung, liegt es an der Gastronomie?&ldquo;<\/p>\n<div class=\"ctn-PlaceholderContent ctn-PlaceholderContent-is-in-article-medium  \">\n<div>\n<div data-gdpr-embedding data-gdpr-id=\"fazExternalVideoPlayer\"><!--\n\n<div class=\"mm-MainVideo js-multimedia-player-external mm-MainVideo-is-video\">\n\n<div class=\"o-Ratio o-Ratio-16x9\">\n\n<div class=\"o-Ratio_Content\">\n\n<div class=\"mm-MainVideo_ImageWrapper\"><img src='https:\/\/www.faz.net\/img\/leer.gif' width='680' data-retina-src='https:\/\/media1.faz.net\/ppmedia\/aktuell\/851440804\/1.6733243\/media_in_article_medium\/66478507.jpg' class='media' height='385' onload='processRetinaDerivate(this)-' \/>\n\n<div class=\"VdoPlayerCtrls\">\n\n<div class=\"CtrlText\">\n\n<div class=\"mm-MainVideo_TextWrapper\"><button class=\"mm-MainVideo_Play\"><span class=\"o-VisuallyHidden\">Video starten<\/span><\/button>\n\n<header class=\"mm-MainVideo_Text\">\n\n<h2 class=\"mm-MainVideo_Headline\"><span class=\"mm-MainVideo_Emphasis\">F&uuml;r Gesch&auml;fte und &Ouml;PNV<span class=\"o-VisuallyHidden\">: <\/span><\/span><span class=\"mm-MainVideo_Title\">Bayern f&uuml;hrt Maskenpflicht ein<\/span><\/h2>\n\n<\/header>\n\n\n\n<div class=\"mm-MainVideo_VideoWrapper mm-MainVideo_VideoWrapper-is-hidden js-videojs-extern-player\"data-videojs-url-prefix=\"https:\/\/www.faz.net\"data-videojs-video-id=\"185854556\"data-videojs-source-id=\"1.6733234\"data-videojs-source = \"Reuters\"data-videojs-title=\"Bayern fu00FChrt Maskenpflicht ein\"data-videojs-player-width=\"680\"data-videojs-player-height=\"385\"data-videojs-magnifier-url=\"https:\/\/www.faz.net\/aktuell\/politik\/inland\/bayern-fuehrt-maskenpflicht-fuer-geschaefte-und-oepnv-ein-16733234.html\"data-videojs-is-audio=\"false\"data-videojs-smark=\"Andere-Bayern: Maskenpflicht fu00FCr Geschu00E4fte und u00D6PNV\"data-videojs-html5-video-url=\"\"data-videojs-show-ads=\"true\"data-videojs-show-player-in-hq=\"false\"data-videojs-is-embedded=\"false\"data-videojs-is-hd=\"false\"data-videojs-is-auto=\"false\"data-videojs-media='extern'>--><\/p>\n<div data-gdpr-embedding data-gdpr-id=\"11\" data-gdpr-embedding-no-placeholder><!----><\/p>\n<p class=\"atc-TextParagraph\">Nachdem der stellvertretende Ministerpr&auml;sident und Wirtschaftsminister Hubert Aiwanger (Freie W&auml;hler) zuletzt einen konkreten Zeitplan f&uuml;r die Wieder&ouml;ffnung von Gastst&auml;tten und Hotels gefordert hatte, mit besonderen Hygiene- und Zugangsregeln, lehnte S&ouml;der das erst einmal ab: Jeder, der einen Fahrplan verspreche und meine, unabh&auml;ngig vom Infektionsgeschehen ein Datum nennen zu k&ouml;nnen, setze sich zumindest dem Vorwurf aus, &bdquo;dass er nicht den gesamten Ansatz der Dramatik verstanden hat&ldquo;. Das konnte man durchaus als Seitenhieb auf Aiwanger sehen. Insofern d&uuml;rfte dessen sp&auml;tere Beteuerung, zwischen die beiden Regierungsparteien passe in der Krise &bdquo;kein Blatt Papier&ldquo;, eher Botschaft als Lageanalyse gewesen sein.<\/p>\n<aside id=\"cna-P4\" class=\"js-cna cna-P4 js-cna-P4 cna-Is-displayed\"><\/aside>\n<p class=\"atc-TextParagraph\">Seine Zur&uuml;ckhaltung bei der &Ouml;ffnung der Gastronomie erkl&auml;rte S&ouml;der unter anderem mit dem Umstand, dass der Mundschutz sich schlecht mit dem Essen vereinbaren lasse &ndash; und der Alkoholkonsum nicht gut mit dem Abstandhalten zusammengehe. Er hoffe, &bdquo;dass wir bis Pfingsten deutlich bessere Signale haben &ndash; das ist aber eine Hoffnung, das ist kein fester Fahrplan.&ldquo; S&ouml;der will sich aber auf anderem Wege f&uuml;r die gastronomischen Betriebe einsetzen, etwa mit der Forderung, die Mehrwertsteuer f&uuml;r sie auf sieben Prozent zu senken.<\/p>\n<div class=\"ctn-PlaceholderContent ctn-PlaceholderContent-is-in-article-medium \">\n<figure class=\"con-Html\">\n<div class=\"infogram-embed\" data-id=\"ba78586d-4b38-4238-8a4d-f3f0c1276a28\" data-type=\"interactive\" data-title=\"Coronavirus in Deutschland\">\n<p class=\"atc-TextParagraph\">Der Ministerpr&auml;sident k&uuml;ndigte an, Ma&szlig;nahmen, die Grundrechte ber&uuml;hren, bald zu lockern. Das gilt etwa f&uuml;r Gottesdienste. Er k&ouml;nne sich vorstellen, dass sie vom 3. Mai an unter Auflagen wieder m&ouml;glich sein k&ouml;nnen. Er sei mit den Kirchen, aber auch mit Vertretern der j&uuml;dischen und muslimischen Glaubensgemeinschaften dar&uuml;ber im Gespr&auml;ch. Eltern, die von der Schlie&szlig;ung der Kitas betroffen sind, sollen &bdquo;auf jeden Fall f&uuml;r die n&auml;chsten drei Monate&ldquo; keine Geb&uuml;hren zahlen m&uuml;ssen. Derweil soll die Notfallbetreuung ausgeweitet werden. Davon profitieren k&ouml;nnen Alleinerziehende und Familien, in denen ein Elternteil einem systemrelevanten Beruf nachgeht &ndash; bisher mussten es beide sein. Um die etwa 30.000 bayerischen K&uuml;nstler zu unterst&uuml;tzen, wird sich Bayern dem Modell Baden-W&uuml;rttemberg anschlie&szlig;en und ihnen im Bedarfsfall 1000 Euro im Monat f&uuml;r die n&auml;chsten drei Monate zahlen.<\/p>\n<div class=\"source\">Quelle: <a href=\"https:\/\/www.faz.net\/aktuell\/politik\/inland\/corona-soeder-kuendigt-maskenpflicht-fuer-bayern-an-16733083.html\">https:\/\/www.faz.net\/aktuell\/politik\/inland\/corona-soeder-kuendigt-maskenpflicht-fuer-bayern-an-16733083.html<\/a><\/div>\n<\/div>\n<\/figure>\n<\/div>\n<\/div>\n<\/div>\n<\/div>\n<\/div>\n<\/div>\n","protected":false},"excerpt":{"rendered":"<p>Bayerns Ministerpr&auml;sident Markus S&ouml;der (CSU) am Montag im Landtag in M&uuml;nchen Der bayerische Ministerpr&auml;sident Markus S&ouml;der (CSU) hat am Montag in einer Regierungserkl&auml;rung angek&uuml;ndigt, dass von kommender Woche an in &ouml;ffentlichen Verkehrsmitteln und Gesch&auml;ften im ganzen Land ein einfacher Mundschutz getragen werden muss. Auch ein Schal sei ausreichend, um der Maskenpflicht nachzukommen. Nach Sachsen und &ndash; in begrenztem Ma&szlig; &ndash; Mecklenburg-Vorpommern ist Bayern damit das dritte Bundesland, in dem die Regierung eine derartige Pflicht beschlie&szlig;t &ndash; oder, wie S&ouml;der hervorhob, [&hellip;]<\/p>\n","protected":false},"author":1,"featured_media":50461,"comment_status":"open","ping_status":"open","sticky":false,"template":"","format":"standard","meta":{"footnotes":""},"categories":[33,21],"tags":[22426,365,21555,3112,22830,6378,1958],"class_list":["post-66835","post","type-post","status-publish","format-standard","has-post-thumbnail","hentry","category-inland","category-politik","tag-coronavirus","tag-csu","tag-landtag","tag-markus-soder","tag-maskenpflicht","tag-nahverkehr","tag-regierungserklarung"],"_links":{"self":[{"href":"https:\/\/de.newseurope.info\/index.php?rest_route=\/wp\/v2\/posts\/66835","targetHints":{"allow":["GET"]}}],"collection":[{"href":"https:\/\/de.newseurope.info\/index.php?rest_route=\/wp\/v2\/posts"}],"about":[{"href":"https:\/\/de.newseurope.info\/index.php?rest_route=\/wp\/v2\/types\/post"}],"author":[{"embeddable":true,"href":"https:\/\/de.newseurope.info\/index.php?rest_route=\/wp\/v2\/users\/1"}],"replies":[{"embeddable":true,"href":"https:\/\/de.newseurope.info\/index.php?rest_route=%2Fwp%2Fv2%2Fcomments&post=66835"}],"version-history":[{"count":0,"href":"https:\/\/de.newseurope.info\/index.php?rest_route=\/wp\/v2\/posts\/66835\/revisions"}],"wp:featuredmedia":[{"embeddable":true,"href":"https:\/\/de.newseurope.info\/index.php?rest_route=\/wp\/v2\/media\/50461"}],"wp:attachment":[{"href":"https:\/\/de.newseurope.info\/index.php?rest_route=%2Fwp%2Fv2%2Fmedia&parent=66835"}],"wp:term":[{"taxonomy":"category","embeddable":true,"href":"https:\/\/de.newseurope.info\/index.php?rest_route=%2Fwp%2Fv2%2Fcategories&post=66835"},{"taxonomy":"post_tag","embeddable":true,"href":"https:\/\/de.newseurope.info\/index.php?rest_route=%2Fwp%2Fv2%2Ftags&post=66835"}],"curies":[{"name":"wp","href":"https:\/\/api.w.org\/{rel}","templated":true}]}}