{"id":65931,"date":"2019-12-15T19:00:22","date_gmt":"2019-12-15T19:00:22","guid":{"rendered":"https:\/\/de.newseurope.info\/?p=65931"},"modified":"2019-12-16T12:36:10","modified_gmt":"2019-12-16T12:36:10","slug":"handelskonflikt-atempause","status":"publish","type":"post","link":"https:\/\/de.newseurope.info\/?p=65931","title":{"rendered":"Handelskonflikt: Atempause"},"content":{"rendered":"<div>\n<div class=\"image_description\">Der chinesische Pr&auml;sidenten Xi Jinping (r) zusammen mit dem amerikanischen Pr&auml;sidenten Donald Trump in Peking<\/div>\n<p class=\"post_description\">Die Rivalit&auml;t zwischen China und Amerika wird sich noch lange fortsetzen &ndash; daran &auml;ndert auch ein Handelsabkommen nichts. F&uuml;r die Europ&auml;er steckt darin aber eine tr&ouml;stliche Botschaft.<\/p>\n<div class=\"source\">Quelle: <a href=\"https:\/\/www.faz.net\/aktuell\/wirtschaft\/unternehmen\/kommentar-zum-handelskonflikt-atempause-16537308.html\">https:\/\/www.faz.net\/aktuell\/wirtschaft\/unternehmen\/kommentar-zum-handelskonflikt-atempause-16537308.html<\/a><\/div>\n<\/div>\n","protected":false},"excerpt":{"rendered":"<p>Die Rivalit\u00e4t zwischen China und Amerika wird sich noch lange fortsetzen \u2013 daran \u00e4ndert auch ein Handelsabkommen nichts. F\u00fcr die Europ\u00e4er steckt darin aber eine tr\u00f6stliche Botschaft.<\/p>\n","protected":false},"author":3,"featured_media":65946,"comment_status":"open","ping_status":"open","sticky":false,"template":"","format":"standard","meta":{"footnotes":""},"categories":[312,303],"tags":[6939,321,4860,11054,720,274],"class_list":["post-65931","post","type-post","status-publish","format-standard","has-post-thumbnail","hentry","category-unternehmen","category-wirtschaft","tag-atempause","tag-china","tag-donald-trump","tag-handelskonflikt","tag-peking","tag-usa"],"_links":{"self":[{"href":"https:\/\/de.newseurope.info\/index.php?rest_route=\/wp\/v2\/posts\/65931","targetHints":{"allow":["GET"]}}],"collection":[{"href":"https:\/\/de.newseurope.info\/index.php?rest_route=\/wp\/v2\/posts"}],"about":[{"href":"https:\/\/de.newseurope.info\/index.php?rest_route=\/wp\/v2\/types\/post"}],"author":[{"embeddable":true,"href":"https:\/\/de.newseurope.info\/index.php?rest_route=\/wp\/v2\/users\/3"}],"replies":[{"embeddable":true,"href":"https:\/\/de.newseurope.info\/index.php?rest_route=%2Fwp%2Fv2%2Fcomments&post=65931"}],"version-history":[{"count":1,"href":"https:\/\/de.newseurope.info\/index.php?rest_route=\/wp\/v2\/posts\/65931\/revisions"}],"predecessor-version":[{"id":65960,"href":"https:\/\/de.newseurope.info\/index.php?rest_route=\/wp\/v2\/posts\/65931\/revisions\/65960"}],"wp:featuredmedia":[{"embeddable":true,"href":"https:\/\/de.newseurope.info\/index.php?rest_route=\/wp\/v2\/media\/65946"}],"wp:attachment":[{"href":"https:\/\/de.newseurope.info\/index.php?rest_route=%2Fwp%2Fv2%2Fmedia&parent=65931"}],"wp:term":[{"taxonomy":"category","embeddable":true,"href":"https:\/\/de.newseurope.info\/index.php?rest_route=%2Fwp%2Fv2%2Fcategories&post=65931"},{"taxonomy":"post_tag","embeddable":true,"href":"https:\/\/de.newseurope.info\/index.php?rest_route=%2Fwp%2Fv2%2Ftags&post=65931"}],"curies":[{"name":"wp","href":"https:\/\/api.w.org\/{rel}","templated":true}]}}