{"id":65785,"date":"2019-11-16T22:13:26","date_gmt":"2019-11-16T22:13:26","guid":{"rendered":"https:\/\/de.newseurope.info\/?p=65785"},"modified":"2019-11-18T11:17:53","modified_gmt":"2019-11-18T11:17:53","slug":"soldaten-begnadigt-trumps-traum-von-der-allmacht","status":"publish","type":"post","link":"https:\/\/de.newseurope.info\/?p=65785","title":{"rendered":"Soldaten begnadigt: Trumps Traum von der Allmacht"},"content":{"rendered":"<div>\n<div class=\"image_description\">Am 26. Dezember 2018 besuchte Trump amerikanische Soldaten im Irak.<\/div>\n<p class=\"post_description\">Schon viele Pr&auml;sidenten haben mit Begnadigungen Emp&ouml;rung verursacht. Trumps Schritt aber ist besonders gef&auml;hrlich. Denn er untergr&auml;bt das Vertrauen ins amerikanische Milit&auml;r.<\/p>\n<div class=\"source\">Quelle: <a href=\"https:\/\/www.faz.net\/aktuell\/politik\/ausland\/begnadigung-von-soldaten-trumps-traum-von-der-allmacht-16489075.html\">https:\/\/www.faz.net\/aktuell\/politik\/ausland\/begnadigung-von-soldaten-trumps-traum-von-der-allmacht-16489075.html<\/a><\/div>\n<\/div>\n","protected":false},"excerpt":{"rendered":"<p>Schon viele Pr\u00e4sidenten haben mit Begnadigungen Emp\u00f6rung verursacht. Trumps Schritt aber ist besonders gef\u00e4hrlich. Denn er untergr\u00e4bt das Vertrauen ins amerikanische Milit\u00e4r.<\/p>\n","protected":false},"author":3,"featured_media":65795,"comment_status":"open","ping_status":"open","sticky":false,"template":"","format":"standard","meta":{"footnotes":""},"categories":[35,21],"tags":[22213,22232,4860,22231,274],"class_list":["post-65785","post","type-post","status-publish","format-standard","has-post-thumbnail","hentry","category-ausland","category-politik","tag-amtsenthebung","tag-begnadigung","tag-donald-trump","tag-ohnmachtserfahrung","tag-usa"],"_links":{"self":[{"href":"https:\/\/de.newseurope.info\/index.php?rest_route=\/wp\/v2\/posts\/65785","targetHints":{"allow":["GET"]}}],"collection":[{"href":"https:\/\/de.newseurope.info\/index.php?rest_route=\/wp\/v2\/posts"}],"about":[{"href":"https:\/\/de.newseurope.info\/index.php?rest_route=\/wp\/v2\/types\/post"}],"author":[{"embeddable":true,"href":"https:\/\/de.newseurope.info\/index.php?rest_route=\/wp\/v2\/users\/3"}],"replies":[{"embeddable":true,"href":"https:\/\/de.newseurope.info\/index.php?rest_route=%2Fwp%2Fv2%2Fcomments&post=65785"}],"version-history":[{"count":1,"href":"https:\/\/de.newseurope.info\/index.php?rest_route=\/wp\/v2\/posts\/65785\/revisions"}],"predecessor-version":[{"id":65804,"href":"https:\/\/de.newseurope.info\/index.php?rest_route=\/wp\/v2\/posts\/65785\/revisions\/65804"}],"wp:featuredmedia":[{"embeddable":true,"href":"https:\/\/de.newseurope.info\/index.php?rest_route=\/wp\/v2\/media\/65795"}],"wp:attachment":[{"href":"https:\/\/de.newseurope.info\/index.php?rest_route=%2Fwp%2Fv2%2Fmedia&parent=65785"}],"wp:term":[{"taxonomy":"category","embeddable":true,"href":"https:\/\/de.newseurope.info\/index.php?rest_route=%2Fwp%2Fv2%2Fcategories&post=65785"},{"taxonomy":"post_tag","embeddable":true,"href":"https:\/\/de.newseurope.info\/index.php?rest_route=%2Fwp%2Fv2%2Ftags&post=65785"}],"curies":[{"name":"wp","href":"https:\/\/api.w.org\/{rel}","templated":true}]}}