{"id":64032,"date":"2019-08-05T13:01:39","date_gmt":"2019-08-05T13:01:39","guid":{"rendered":"https:\/\/de.newseurope.info\/?p=64032"},"modified":"2019-08-12T08:47:59","modified_gmt":"2019-08-12T08:47:59","slug":"interview-mit-psychiater-orte-des-transits-konnen-psychisch-kranke-anziehen","status":"publish","type":"post","link":"https:\/\/de.newseurope.info\/?p=64032","title":{"rendered":"Interview mit Psychiater: \u201eOrte des Transits k\u00f6nnen psychisch Kranke anziehen\u201c"},"content":{"rendered":"<div>\n<div class=\"image_description\">Erh&ouml;htes Sicherheitsbed&uuml;rfnis: Polizisten auf Streife am Dienstag in Frankfurter Hauptbahnhof.<\/div>\n<p class=\"post_description\">Der Mann, der in Frankfurt einen acht Jahre alten Jungen vor einen einfahrenden ICE gesto&szlig;en hat, k&ouml;nnte psychisch krank sein. Ein Interview mit Psychiater Andreas Reif &uuml;ber Patienten, die an Bahnh&ouml;fen und Flugh&auml;fen stranden.<\/p>\n<p class=\"First atc-TextParagraph\" id=\"pageIndex_1\"><strong>Herr Prof. Reif, noch ist nicht gekl&auml;rt, ob der mutma&szlig;liche T&auml;ter von Frankfurt psychisch krank ist. Diskutiert wird &ouml;ffentlich trotzdem die Diagnose der Psychose. K&ouml;nnen Psychosen Menschen zu solchen Taten treiben?<\/strong><\/p>\n<p class=\"atc-TextParagraph\">Es gibt Psychosen, die mit solchen schrecklichen Gewalttaten zusammenh&auml;ngen k&ouml;nnen, aber das sind absolute Einzelf&auml;lle. H&auml;ufig handelt es sich dabei genau genommen um das Krankheitsbild der Paranoia, bei der ein systematisierter Wahn ein Symptom sein kann. Betroffene nehmen ihre Umwelt als verzerrt und be&auml;ngstigend wahr, f&uuml;hlen sich in bestimmten Situationen bedroht und handeln dementsprechend- au&szlig;erhalb dieser wahnhaften Reaktionen k&ouml;nnen sie aber auf den ersten Blick als geordnete und gesunde Person erscheinen.<\/p>\n<p class=\"atc-TextParagraph\"><strong>Die Psychiatrie und ihre Patienten werden noch immer stigmatisiert- solch furchtbare Taten wie in Frankfurt tragen dazu bei. Wie gef&auml;hrlich sind Menschen, die an einer Psychose leiden?<\/strong><\/p>\n<p class=\"atc-TextParagraph\">Wie gesagt: Sollten sich die Spekulationen best&auml;tigen, dann ist diese schreckliche Tat ein absoluter Einzelfall. Aber nat&uuml;rlich, man darf auch nicht verschweigen, dass das Gewaltgesamtrisiko bei Psychosen leicht erh&ouml;ht ist &ndash; ohne verallgemeinern zu wollen. Wichtig ist: Um Patienten, von denen eine solche Gefahr ausgehen k&ouml;nnte, muss man sich intensiv k&uuml;mmern, sie m&uuml;ssen ad&auml;quat behandelt werden. Und man muss sich als Gesellschaft auch immer wieder die Frage stellen, welche Regelungen man haben will, wenn man eine m&ouml;gliche Zwangsbehandlung gegen die Autonomie des Einzelnen abw&auml;gen muss, sobald die Gefahr der Fremdgef&auml;hrdung im Raum steht.<\/p>\n<p class=\"atc-TextParagraph\"><strong>Mal weg von der aktuellen Tat am Hauptbahnhof: Dieser spielt auch in Ihrer t&auml;glichen Arbeit sonst eine Rolle. Ihre Klinik ist neben weiteren daf&uuml;r zust&auml;ndig, psychiatrische Patienten aufzunehmen, die entweder am Frankfurter Hauptbahnhof oder am Flughafen auffallen. Wie h&auml;ufig kommen solche Personen vom Bahnhof?<\/strong><\/p>\n<p class=\"atc-TextParagraph\">Wenn wir mal die Obdachlosen au&szlig;en vor lassen, von denen es viele dort gibt, sondern nur Reisende im Blick haben, dann kann ich nur sch&auml;tzen, da diese Art der Zuweisung in unserem System nicht hinterlegt ist. Ich w&uuml;rde aber sagen, es sind etwa zwei Patienten im Monat.<\/p>\n<div data-gdpr-embedding data-gdpr-id=\"11\" data-gdpr-embedding-no-placeholder><!----><\/p>\n<p class=\"atc-TextParagraph\"><strong>Mit welchen Krankheitsbildern kommen sie?<\/strong><\/p>\n<p class=\"atc-TextParagraph\">Die Patienten vom Hauptbahnhof lassen sich in drei Gruppen aufteilen. Es sind die, die einen Suizidversuch begehen wollen. Aus welchen Gr&uuml;nden auch immer. Dann sind es Menschen, die schwer betrunken oder anders intoxikiert sind. Die dritte Gruppe, das sind Menschen, die an einer schizophrenen Psychose oder einer Manie im Rahmen einer bipolaren St&ouml;rung leiden. Diese Menschen setzen sich teilweise in den Zug aufgrund von Gr&ouml;&szlig;enwahn, Verfolgungsideen, Denkst&ouml;rungen. Ihre Motivation, an einen Bahnhof zu gehen oder in einen Zug einzusteigen, ist vielf&auml;ltig. Sie stranden dann oft einfach hier &ndash; und wollten gar nicht nach Frankfurt. Manchmal werden sie auch rausgeschmissen aus dem Zug, weil sie etwa gar keine Fahrkarte haben. Also auch die Gr&uuml;nde, wie sie aus dem Zug auf den Bahnsteig kommen, sind vielschichtig. Manchmal sind es auch Patienten, die woanders in station&auml;rer Behandlung sind, dort entweichen und in den Zug gestiegen sind.<\/p>\n<p class=\"atc-TextParagraph\"><strong>Wie viele Patienten werden Ihnen vom Flughafen zugewiesen?<\/strong><\/p>\n<p class=\"atc-TextParagraph\">Hier sind es auch wieder nur Sch&auml;tzungen: einer bis zwei im Monat.<\/p>\n<p class=\"atc-TextParagraph\"><strong>Und bringen diese &auml;hnliche Diagnosen mit wie die vom Bahnhof?<\/strong><\/p>\n<div class=\"source\">Quelle: <a href=\"https:\/\/www.faz.net\/aktuell\/gesellschaft\/gesundheit\/ein-psychiater-ueber-psychisch-kranke-an-bahnhoefen-16316914.html\">https:\/\/www.faz.net\/aktuell\/gesellschaft\/gesundheit\/ein-psychiater-ueber-psychisch-kranke-an-bahnhoefen-16316914.html<\/a><\/div>\n<\/div>\n<\/div>\n","protected":false},"excerpt":{"rendered":"<p>Der Mann, der in Frankfurt einen acht Jahre alten Jungen vor einen einfahrenden ICE gesto\u00dfen hat, k\u00f6nnte psychisch krank sein. Ein Interview mit Psychiater Andreas Reif \u00fcber Patienten, die an Bahnh\u00f6fen und Flugh\u00e4fen stranden.<\/p>\n","protected":false},"author":1,"featured_media":64050,"comment_status":"open","ping_status":"open","sticky":false,"template":"","format":"standard","meta":{"footnotes":""},"categories":[361,372],"tags":[16456,6732,20721,21052],"class_list":["post-64032","post","type-post","status-publish","format-standard","has-post-thumbnail","hentry","category-gesellschaft","category-gesundheit","tag-andreas-reif","tag-frankfurt","tag-frankfurter-hauptbahnhof","tag-psychose"],"_links":{"self":[{"href":"https:\/\/de.newseurope.info\/index.php?rest_route=\/wp\/v2\/posts\/64032","targetHints":{"allow":["GET"]}}],"collection":[{"href":"https:\/\/de.newseurope.info\/index.php?rest_route=\/wp\/v2\/posts"}],"about":[{"href":"https:\/\/de.newseurope.info\/index.php?rest_route=\/wp\/v2\/types\/post"}],"author":[{"embeddable":true,"href":"https:\/\/de.newseurope.info\/index.php?rest_route=\/wp\/v2\/users\/1"}],"replies":[{"embeddable":true,"href":"https:\/\/de.newseurope.info\/index.php?rest_route=%2Fwp%2Fv2%2Fcomments&post=64032"}],"version-history":[{"count":0,"href":"https:\/\/de.newseurope.info\/index.php?rest_route=\/wp\/v2\/posts\/64032\/revisions"}],"wp:featuredmedia":[{"embeddable":true,"href":"https:\/\/de.newseurope.info\/index.php?rest_route=\/wp\/v2\/media\/64050"}],"wp:attachment":[{"href":"https:\/\/de.newseurope.info\/index.php?rest_route=%2Fwp%2Fv2%2Fmedia&parent=64032"}],"wp:term":[{"taxonomy":"category","embeddable":true,"href":"https:\/\/de.newseurope.info\/index.php?rest_route=%2Fwp%2Fv2%2Fcategories&post=64032"},{"taxonomy":"post_tag","embeddable":true,"href":"https:\/\/de.newseurope.info\/index.php?rest_route=%2Fwp%2Fv2%2Ftags&post=64032"}],"curies":[{"name":"wp","href":"https:\/\/api.w.org\/{rel}","templated":true}]}}