{"id":64030,"date":"2019-08-12T05:01:02","date_gmt":"2019-08-12T05:01:02","guid":{"rendered":"https:\/\/de.newseurope.info\/?p=64030"},"modified":"2019-08-12T08:47:54","modified_gmt":"2019-08-12T08:47:54","slug":"spaterer-schulbeginn-lasst-die-kinder-schlafen","status":"publish","type":"post","link":"https:\/\/de.newseurope.info\/?p=64030","title":{"rendered":"Sp\u00e4terer Schulbeginn: Lasst die Kinder schlafen!"},"content":{"rendered":"<div>\n<div class=\"image_description\">Ein Jugendlicher im Gymnasium Alsdorf. Hier wird den Sch&uuml;lern freigestellt, ob sie zur ersten oder zweiten Stunde kommen.<\/div>\n<p class=\"post_description\">Seit Jahren wird &uuml;ber einen sp&auml;teren Unterrichtsbeginn an Schulen diskutiert. Vieles spricht daf&uuml;r. Aber es gibt auch ein Argument dagegen.<\/p>\n<p class=\"First atc-TextParagraph\" id=\"pageIndex_1\"><span class=\"atc-TextFirstLetter\">E<\/span>s ist 6.45 Uhr. Der Wecker hat schon zweimal geklingelt. &bdquo;Aufstehen!&ldquo; Nichts tut sich. 6.55 Uhr. &bdquo;Raus aus den Federn!&ldquo; Keine Reaktion. 7.05 Uhr. &bdquo;Jetzt reicht&rsquo;s! Steh sofort auf, du kommst sonst zu sp&auml;t zur Schule!&ldquo;<\/p>\n<p class=\"atc-TextParagraph\">Ein ganz normaler Morgen in Tausenden von deutschen Haushalten. Der Sohn oder die Tochter kommt nicht aus dem Bett, ist &uuml;berm&uuml;det, schlurft schweigend in die K&uuml;che und geht unmotiviert aus dem Haus zur Schule. Eltern haben sich daran gew&ouml;hnt. Man h&auml;lt es f&uuml;r eines der vielen unangenehmen Begleitsymptome der Pubert&auml;t. Ein schlechtgelaunter, unausgeschlafener Teenager geh&ouml;rt halt dazu. Doch es gibt auch eine immer gr&ouml;&szlig;er werdende Gruppe von Menschen, dazu geh&ouml;ren Forscher ebenso wie Bildungsexperten, die sagen, dass es nicht so sein m&uuml;sste. Und dass wir dem ausreichenden Schlaf unserer Kinder eine gr&ouml;&szlig;ere Aufmerksamkeit schenken sollten. Ein sp&auml;terer Unterrichtsbeginn an der Schule k&ouml;nnte eine L&ouml;sung sein.<\/p>\n<div class=\"source\">Quelle: <a href=\"https:\/\/www.faz.net\/aktuell\/gesellschaft\/gesundheit\/spaeter-schulbeginn-am-morgen-lasst-die-kinder-schlafen-16327376.html\">https:\/\/www.faz.net\/aktuell\/gesellschaft\/gesundheit\/spaeter-schulbeginn-am-morgen-lasst-die-kinder-schlafen-16327376.html<\/a><\/div>\n<\/div>\n","protected":false},"excerpt":{"rendered":"<p>Seit Jahren wird \u00fcber einen sp\u00e4teren Unterrichtsbeginn an Schulen diskutiert. Vieles spricht daf\u00fcr. Aber es gibt auch ein Argument dagegen.<\/p>\n","protected":false},"author":1,"featured_media":64049,"comment_status":"open","ping_status":"open","sticky":false,"template":"","format":"standard","meta":{"footnotes":""},"categories":[361,372],"tags":[10417,13769,911,21049,10419,15308,10418],"class_list":["post-64030","post","type-post","status-publish","format-standard","has-post-thumbnail","hentry","category-gesellschaft","category-gesundheit","tag-andreas-klocke","tag-aufstehen","tag-charite","tag-demographischer-wandel","tag-frankfurt-university-of-applied-sciences","tag-ralf-treptow","tag-sven-stadtmuller"],"_links":{"self":[{"href":"https:\/\/de.newseurope.info\/index.php?rest_route=\/wp\/v2\/posts\/64030","targetHints":{"allow":["GET"]}}],"collection":[{"href":"https:\/\/de.newseurope.info\/index.php?rest_route=\/wp\/v2\/posts"}],"about":[{"href":"https:\/\/de.newseurope.info\/index.php?rest_route=\/wp\/v2\/types\/post"}],"author":[{"embeddable":true,"href":"https:\/\/de.newseurope.info\/index.php?rest_route=\/wp\/v2\/users\/1"}],"replies":[{"embeddable":true,"href":"https:\/\/de.newseurope.info\/index.php?rest_route=%2Fwp%2Fv2%2Fcomments&post=64030"}],"version-history":[{"count":0,"href":"https:\/\/de.newseurope.info\/index.php?rest_route=\/wp\/v2\/posts\/64030\/revisions"}],"wp:featuredmedia":[{"embeddable":true,"href":"https:\/\/de.newseurope.info\/index.php?rest_route=\/wp\/v2\/media\/64049"}],"wp:attachment":[{"href":"https:\/\/de.newseurope.info\/index.php?rest_route=%2Fwp%2Fv2%2Fmedia&parent=64030"}],"wp:term":[{"taxonomy":"category","embeddable":true,"href":"https:\/\/de.newseurope.info\/index.php?rest_route=%2Fwp%2Fv2%2Fcategories&post=64030"},{"taxonomy":"post_tag","embeddable":true,"href":"https:\/\/de.newseurope.info\/index.php?rest_route=%2Fwp%2Fv2%2Ftags&post=64030"}],"curies":[{"name":"wp","href":"https:\/\/api.w.org\/{rel}","templated":true}]}}