{"id":63806,"date":"2019-08-02T07:01:47","date_gmt":"2019-08-02T07:01:47","guid":{"rendered":"https:\/\/de.newseurope.info\/?p=63806"},"modified":"2019-08-05T09:33:27","modified_gmt":"2019-08-05T09:33:27","slug":"bei-karlsruhe-nach-tuberkulose-fallen-in-schule-rechnet-behorde-mit-mehr-erkrankten","status":"publish","type":"post","link":"https:\/\/de.newseurope.info\/?p=63806","title":{"rendered":"Bei Karlsruhe: Nach Tuberkulose-F\u00e4llen in Schule rechnet Beh\u00f6rde mit mehr Erkrankten"},"content":{"rendered":"<div>\n<div class=\"image_description\">Eine &Uuml;bertragung der durch Bakterien ausgel&ouml;sten Krankheit Tuberkulose findet &uuml;ber Tr&ouml;pfchen in der Luft statt.<\/div>\n<p class=\"post_description\">Mehr als 100 Infizierte und vier Erkrankte &ndash; Tuberkulose-F&auml;lle in einer Schule sorgen f&uuml;r Aufregung. Es k&ouml;nnten noch mehr erkranken, sagt das Gesundheitsamt. Die Situation sei aber im Griff.<\/p>\n<p class=\"First atc-TextParagraph\" id=\"pageIndex_1\"><span class=\"atc-TextFirstLetter\">N<\/span>ach der hohen Zahl der mit Tuberkulose Infizierten an einer Schule in Bad Sch&ouml;nborn (Kreis Karlsruhe) rechnet das Landratsamt Karlsruhe mit mehr Erkrankungen. &bdquo;Wir gehen davon aus, dass wir weitere Erkrankungsf&auml;lle bekommen k&ouml;nnen&ldquo;, sagte Gesundheitsdezernent Knut B&uuml;hler am Donnerstag. Derzeit verzeichnet die Beh&ouml;rde 4 erkrankte Sch&uuml;ler und 109 infizierte Sch&uuml;ler, Lehrer und Besch&auml;ftigte der Gemeinschaftsschule. Der Schulbetrieb werde nach den Ferien aber ganz normal weitergehen. &bdquo;Wir haben die Situation im Griff&ldquo;, betonte B&uuml;hler.<\/p>\n<p class=\"atc-TextParagraph\">Die erste Erkrankung war den &bdquo;Badischen Neuesten Nachrichten&ldquo; (BNN) zufolge vor den Pfingstferien bei einem Achtkl&auml;ssler der Gemeinschaftsschule festgestellt worden, die zweite Erkrankung bei seinem Bruder, der auf eine andere Schule geht. Bei den folgenden Untersuchungen wurde nach Angaben der Beh&ouml;rde &bdquo;eine hohe Zahl von Ansteckungen&ldquo; festgestellt &#8211; und auch zwei weitere Erkrankungen von Sch&uuml;lern. Alle vier Erkrankten seien auf dem Weg der Besserung. Sie seien gezielt mit einer Antibiotika-Therapie behandelt worden.<\/p>\n<p class=\"atc-TextParagraph\">Die Beh&ouml;rde betont: Nicht jeder Infizierte werde auch krank. &bdquo;Die Tuberkulose ist heute in der Regel eine behandelbare und heilbare Erkrankung&ldquo;, hei&szlig;t es auch auf ihrer Webseite. Zwar seien so viele Ansteckungen &uuml;ber alle Klassenstufen hinweg &bdquo;ungew&ouml;hnlich&ldquo;, meinte B&uuml;hler. Tuberkulosef&auml;lle seien aber normal. J&auml;hrlich w&uuml;rden 50 bis 60 F&auml;lle im Landratsamtsbereich verzeichnet.<\/p>\n<p class=\"atc-TextParagraph\">Die hohe Zahl sei durch die Kontakte des Jungen, der &bdquo;hochansteckend&ldquo; gewesen sei, und durch die Raumsituation in der Schule erkl&auml;rbar. So habe es auf einem Flur etwa gemeinsame Wartezeiten der Mitsch&uuml;ler gegeben, erl&auml;uterte B&uuml;hler. Um auszuschlie&szlig;en, dass unter den Infizierten noch mehr Erkrankte sind, gibt es in den n&auml;chsten Wochen weitere Untersuchungen, unter anderem mit R&ouml;ntgenaufnahmen.<\/p>\n<p class=\"atc-TextParagraph\">Eine &Uuml;bertragung der durch Bakterien ausgel&ouml;sten Krankheit Tuberkulose findet nach Angaben des Robert Koch-Instituts (RKI) &uuml;ber Tr&ouml;pfchen in der Luft statt. Erkrankte leiden unter Kraftlosigkeit, Nachtschwei&szlig;, Gewichtsabnahme oder anhaltendem Husten.<\/p>\n<div class=\"source\">Quelle: <a href=\"https:\/\/www.faz.net\/aktuell\/gesellschaft\/gesundheit\/nach-tuberkulose-faellen-in-schule-rechnet-behoerde-mit-mehr-erkrankten-16314463.html\">https:\/\/www.faz.net\/aktuell\/gesellschaft\/gesundheit\/nach-tuberkulose-faellen-in-schule-rechnet-behoerde-mit-mehr-erkrankten-16314463.html<\/a><\/div>\n<\/div>\n","protected":false},"excerpt":{"rendered":"<p>Mehr als 100 Infizierte und vier Erkrankte \u2013 Tuberkulose-F\u00e4lle in einer Schule sorgen f\u00fcr Aufregung. Es k\u00f6nnten noch mehr erkranken, sagt das Gesundheitsamt. Die Situation sei aber im Griff.<\/p>\n","protected":false},"author":1,"featured_media":63808,"comment_status":"open","ping_status":"open","sticky":false,"template":"","format":"standard","meta":{"footnotes":""},"categories":[361,372],"tags":[20530,299,20889,5454],"class_list":["post-63806","post","type-post","status-publish","format-standard","has-post-thumbnail","hentry","category-gesellschaft","category-gesundheit","tag-erkrankte","tag-karlsruhe","tag-knut-buhler","tag-tuberkulose"],"_links":{"self":[{"href":"https:\/\/de.newseurope.info\/index.php?rest_route=\/wp\/v2\/posts\/63806","targetHints":{"allow":["GET"]}}],"collection":[{"href":"https:\/\/de.newseurope.info\/index.php?rest_route=\/wp\/v2\/posts"}],"about":[{"href":"https:\/\/de.newseurope.info\/index.php?rest_route=\/wp\/v2\/types\/post"}],"author":[{"embeddable":true,"href":"https:\/\/de.newseurope.info\/index.php?rest_route=\/wp\/v2\/users\/1"}],"replies":[{"embeddable":true,"href":"https:\/\/de.newseurope.info\/index.php?rest_route=%2Fwp%2Fv2%2Fcomments&post=63806"}],"version-history":[{"count":0,"href":"https:\/\/de.newseurope.info\/index.php?rest_route=\/wp\/v2\/posts\/63806\/revisions"}],"wp:featuredmedia":[{"embeddable":true,"href":"https:\/\/de.newseurope.info\/index.php?rest_route=\/wp\/v2\/media\/63808"}],"wp:attachment":[{"href":"https:\/\/de.newseurope.info\/index.php?rest_route=%2Fwp%2Fv2%2Fmedia&parent=63806"}],"wp:term":[{"taxonomy":"category","embeddable":true,"href":"https:\/\/de.newseurope.info\/index.php?rest_route=%2Fwp%2Fv2%2Fcategories&post=63806"},{"taxonomy":"post_tag","embeddable":true,"href":"https:\/\/de.newseurope.info\/index.php?rest_route=%2Fwp%2Fv2%2Ftags&post=63806"}],"curies":[{"name":"wp","href":"https:\/\/api.w.org\/{rel}","templated":true}]}}