{"id":62496,"date":"2019-06-29T14:19:33","date_gmt":"2019-06-29T14:19:33","guid":{"rendered":"https:\/\/de.newseurope.info\/?p=62496"},"modified":"2019-07-01T13:22:25","modified_gmt":"2019-07-01T13:22:25","slug":"streit-mit-donald-trump-xi-darf-sich-als-retter-prasentieren","status":"publish","type":"post","link":"https:\/\/de.newseurope.info\/?p=62496","title":{"rendered":"Streit mit Donald Trump: Xi darf sich als Retter pr\u00e4sentieren"},"content":{"rendered":"<div>\n<div class=\"image_description\">Streit um Mobiltelefone: &bdquo;Smart Love&ldquo; hei&szlig;t das Bild des italienischen K&uuml;nstlers TvBoy, das die Pr&auml;sidenten Donald Trump und Xi Jinping zeigt mit Handys  von Huawei und Apple in den H&auml;nden.<\/div>\n<p class=\"post_description\">Der amerikanische Pr&auml;sident gew&auml;hrt dem Tech-Konzern Huawei eine Gnadenfrist. Die Rollenverteilung im Spiel der Superm&auml;chte hat sich umgekehrt.<\/p>\n<div class=\"source\">Quelle: <a href=\"https:\/\/www.faz.net\/aktuell\/wirtschaft\/wirtschaftspolitik\/trump-gewaehrt-huawei-gnadenfrist-xi-darf-sich-als-retter-praesentieren-16260541.html\">https:\/\/www.faz.net\/aktuell\/wirtschaft\/wirtschaftspolitik\/trump-gewaehrt-huawei-gnadenfrist-xi-darf-sich-als-retter-praesentieren-16260541.html<\/a><\/div>\n<\/div>\n","protected":false},"excerpt":{"rendered":"<p>Der amerikanische Pr\u00e4sident gew\u00e4hrt dem Tech-Konzern Huawei eine Gnadenfrist. Die Rollenverteilung im Spiel der Superm\u00e4chte hat sich umgekehrt.<\/p>\n","protected":false},"author":1,"featured_media":62562,"comment_status":"open","ping_status":"open","sticky":false,"template":"","format":"standard","meta":{"footnotes":""},"categories":[303],"tags":[321,4860,19719,3042,19718,274,1904],"class_list":["post-62496","post","type-post","status-publish","format-standard","has-post-thumbnail","hentry","category-wirtschaft","tag-china","tag-donald-trump","tag-gnadenfrist","tag-huawei","tag-unerfahrenheit","tag-usa","tag-xi-jinping"],"_links":{"self":[{"href":"https:\/\/de.newseurope.info\/index.php?rest_route=\/wp\/v2\/posts\/62496","targetHints":{"allow":["GET"]}}],"collection":[{"href":"https:\/\/de.newseurope.info\/index.php?rest_route=\/wp\/v2\/posts"}],"about":[{"href":"https:\/\/de.newseurope.info\/index.php?rest_route=\/wp\/v2\/types\/post"}],"author":[{"embeddable":true,"href":"https:\/\/de.newseurope.info\/index.php?rest_route=\/wp\/v2\/users\/1"}],"replies":[{"embeddable":true,"href":"https:\/\/de.newseurope.info\/index.php?rest_route=%2Fwp%2Fv2%2Fcomments&post=62496"}],"version-history":[{"count":0,"href":"https:\/\/de.newseurope.info\/index.php?rest_route=\/wp\/v2\/posts\/62496\/revisions"}],"wp:featuredmedia":[{"embeddable":true,"href":"https:\/\/de.newseurope.info\/index.php?rest_route=\/wp\/v2\/media\/62562"}],"wp:attachment":[{"href":"https:\/\/de.newseurope.info\/index.php?rest_route=%2Fwp%2Fv2%2Fmedia&parent=62496"}],"wp:term":[{"taxonomy":"category","embeddable":true,"href":"https:\/\/de.newseurope.info\/index.php?rest_route=%2Fwp%2Fv2%2Fcategories&post=62496"},{"taxonomy":"post_tag","embeddable":true,"href":"https:\/\/de.newseurope.info\/index.php?rest_route=%2Fwp%2Fv2%2Ftags&post=62496"}],"curies":[{"name":"wp","href":"https:\/\/api.w.org\/{rel}","templated":true}]}}