{"id":62462,"date":"2019-06-29T10:41:17","date_gmt":"2019-06-29T10:41:17","guid":{"rendered":"https:\/\/de.newseurope.info\/?p=62462"},"modified":"2019-07-01T13:21:15","modified_gmt":"2019-07-01T13:21:15","slug":"fluchtlingstragodie-mutter-des-ertrunkenen-kindes-zuruck-in-el-salvador","status":"publish","type":"post","link":"https:\/\/de.newseurope.info\/?p=62462","title":{"rendered":"Fl\u00fcchtlingstrag\u00f6die: Mutter des ertrunkenen Kindes zur\u00fcck in El Salvador"},"content":{"rendered":"<div>\n<div class=\"image_description\">R&uuml;ckkehr nach Verlust von Ehemann und Tochter: Tania Vanessa Avalos nach ihrer Ankunft in El Salvador.<\/div>\n<p class=\"post_description\">Das Bild des toten Vaters und seiner ebenfalls im Grenzfluss Rio Grande ertrunkenen kleinen Tochter ging um die Welt. Nun ist die Witwe und junge Mutter zur&uuml;ck in ihrer Heimat El Salvador.<\/p>\n<p class=\"First atc-TextParagraph\" id=\"pageIndex_1\"><span class=\"atc-TextFirstLetter\">E<\/span>in Foto der leblosen K&ouml;rper eines kleinen M&auml;dchens und seines Vaters an der amerikanisch-mexikanischen Grenze hatte weltweit f&uuml;r Entsetzen gesorgt &#8211; nun ist die Mutter des Kindes in ihr Heimatland El Salvador zur&uuml;ckgekehrt. Der Vizeminister f&uuml;r Salvadorianer im Ausland, Mauricio Cabrera, begr&uuml;&szlig;te die 21 Jahre alte Tania Vanessa Avalosam am Flughafen der Hauptstadt San Salvador. Die dreik&ouml;pfige Familie hatte versucht, gemeinsam &uuml;ber Mexiko in die Vereinigten Staaten zu gelangen.<\/p>\n<p class=\"atc-TextParagraph\">Cabrera rief am Flughafen seine Landsleute dazu auf, nicht illegal zu emigrieren und dabei ihre Leben aufs Spiel zu setzen, wie das Pr&auml;sidialamt auf Twitter mitteilte. Der Pr&auml;sident des mittelamerikanischen Landes, Nayib Bukele, hatte der Familie finanzielle Unterst&uuml;tzung sowie die Bezahlung des Transports der Leichen zugesagt.<\/p>\n<p class=\"atc-TextParagraph\">Ein Foto des 25 Jahre alten Mannes und seiner 23 Monate alten Tochter war in den vergangenen Tagen weltweit verbreitet worden. Darauf ist zu sehen, wie sie mit dem Gesicht nach unten im flachen Wasser am Ufer des Grenzflusses R&iacute;o Grande liegen. Das T-Shirt des Mannes h&auml;lt beide zusammen, das Arm des Kindes liegt um den Hals des Vaters.<\/p>\n<p class=\"atc-TextParagraph\">Medienberichten zufolge waren sie bei dem Versuch ertrunken, den Fluss zu durchqueren, um von der mexikanischen Grenzstadt Matamoros in den Bundesstaat Texas zu gelangen. Die junge Frau hatte das demnach mit ansehen m&uuml;ssen. Die Familie war den Angaben zufolge wegen Armut und Perspektivlosigkeit aus El Salvador ausgewandert.<\/p>\n<p class=\"atc-TextParagraph\">Zehntausende Migranten aus Mittelamerika fliehen jeden Monat vor Gewalt und Armut in ihren Heimatl&auml;ndern und versuchen, &uuml;ber Mexiko in die USA zu gelangen. Nach Zahlen der Vereinten Nationen starben im vergangenen Jahr 442 Migranten an der Grenze zwischen Mexiko und den Vereinigten Staaten. In diesem Jahr sind es demnach bislang 175 Migranten, darunter 13 Kinder.<\/p>\n<div class=\"source\">Quelle: <a href=\"https:\/\/www.faz.net\/aktuell\/politik\/ausland\/fluechtlingsdrama-am-rio-grande-mutter-des-ertrunkenen-kindes-kehrt-zurueck-nach-el-salvador-16260357.html\">https:\/\/www.faz.net\/aktuell\/politik\/ausland\/fluechtlingsdrama-am-rio-grande-mutter-des-ertrunkenen-kindes-kehrt-zurueck-nach-el-salvador-16260357.html<\/a><\/div>\n<\/div>\n","protected":false},"excerpt":{"rendered":"<p>Das Bild des toten Vaters und seiner ebenfalls im Grenzfluss Rio Grande ertrunkenen kleinen Tochter ging um die Welt. Nun ist die Witwe und junge Mutter zur\u00fcck in ihrer Heimat El Salvador.<\/p>\n","protected":false},"author":1,"featured_media":62522,"comment_status":"open","ping_status":"open","sticky":false,"template":"","format":"standard","meta":{"footnotes":""},"categories":[35,21],"tags":[2815,19510,19710,1701,274],"class_list":["post-62462","post","type-post","status-publish","format-standard","has-post-thumbnail","hentry","category-ausland","category-politik","tag-el-salvador","tag-familie","tag-mauricio-cabrera","tag-mexiko","tag-usa"],"_links":{"self":[{"href":"https:\/\/de.newseurope.info\/index.php?rest_route=\/wp\/v2\/posts\/62462","targetHints":{"allow":["GET"]}}],"collection":[{"href":"https:\/\/de.newseurope.info\/index.php?rest_route=\/wp\/v2\/posts"}],"about":[{"href":"https:\/\/de.newseurope.info\/index.php?rest_route=\/wp\/v2\/types\/post"}],"author":[{"embeddable":true,"href":"https:\/\/de.newseurope.info\/index.php?rest_route=\/wp\/v2\/users\/1"}],"replies":[{"embeddable":true,"href":"https:\/\/de.newseurope.info\/index.php?rest_route=%2Fwp%2Fv2%2Fcomments&post=62462"}],"version-history":[{"count":0,"href":"https:\/\/de.newseurope.info\/index.php?rest_route=\/wp\/v2\/posts\/62462\/revisions"}],"wp:featuredmedia":[{"embeddable":true,"href":"https:\/\/de.newseurope.info\/index.php?rest_route=\/wp\/v2\/media\/62522"}],"wp:attachment":[{"href":"https:\/\/de.newseurope.info\/index.php?rest_route=%2Fwp%2Fv2%2Fmedia&parent=62462"}],"wp:term":[{"taxonomy":"category","embeddable":true,"href":"https:\/\/de.newseurope.info\/index.php?rest_route=%2Fwp%2Fv2%2Fcategories&post=62462"},{"taxonomy":"post_tag","embeddable":true,"href":"https:\/\/de.newseurope.info\/index.php?rest_route=%2Fwp%2Fv2%2Ftags&post=62462"}],"curies":[{"name":"wp","href":"https:\/\/api.w.org\/{rel}","templated":true}]}}