{"id":61317,"date":"2019-05-31T17:25:23","date_gmt":"2019-05-31T17:25:23","guid":{"rendered":"https:\/\/de.newseurope.info\/?p=61317"},"modified":"2019-06-03T08:37:05","modified_gmt":"2019-06-03T08:37:05","slug":"verhaltnis-zu-amerika-eine-mittlere-katastrophe","status":"publish","type":"post","link":"https:\/\/de.newseurope.info\/?p=61317","title":{"rendered":"Verh\u00e4ltnis zu Amerika: Eine mittlere Katastrophe"},"content":{"rendered":"<div>\n<div class=\"image_description\">Sorgte mit ihrer Rede in Harvard f&uuml;r Begeisterung: Kanzlerin Angela Merkel.<\/div>\n<p class=\"post_description\">Es mag schmeichelhaft sein, wenn Merkel in Harvard als &bdquo;Kanzlerin der freien Welt&ldquo; begr&uuml;&szlig;t wird. Aber man kann sich wenig daf&uuml;r kaufen, wenn angesichts von Trumps Rache- und Vergeltungsgel&uuml;sten andere Qualit&auml;ten gefragt sind.<\/p>\n<div class=\"source\">Quelle: <a href=\"https:\/\/www.faz.net\/aktuell\/politik\/inland\/warum-wir-trotz-trump-nicht-auf-anti-amerika-machen-duerfen-16215446.html\">https:\/\/www.faz.net\/aktuell\/politik\/inland\/warum-wir-trotz-trump-nicht-auf-anti-amerika-machen-duerfen-16215446.html<\/a><\/div>\n<\/div>\n","protected":false},"excerpt":{"rendered":"<p>Es mag schmeichelhaft sein, wenn Merkel in Harvard als \u201eKanzlerin der freien Welt\u201c begr\u00fc\u00dft wird. Aber man kann sich wenig daf\u00fcr kaufen, wenn angesichts von Trumps Rache- und Vergeltungsgel\u00fcsten andere Qualit\u00e4ten gefragt sind.<\/p>\n","protected":false},"author":1,"featured_media":61369,"comment_status":"open","ping_status":"open","sticky":false,"template":"","format":"standard","meta":{"footnotes":""},"categories":[21],"tags":[266,4860,925,274],"class_list":["post-61317","post","type-post","status-publish","format-standard","has-post-thumbnail","hentry","category-politik","tag-deutschland","tag-donald-trump","tag-harvard","tag-usa"],"_links":{"self":[{"href":"https:\/\/de.newseurope.info\/index.php?rest_route=\/wp\/v2\/posts\/61317","targetHints":{"allow":["GET"]}}],"collection":[{"href":"https:\/\/de.newseurope.info\/index.php?rest_route=\/wp\/v2\/posts"}],"about":[{"href":"https:\/\/de.newseurope.info\/index.php?rest_route=\/wp\/v2\/types\/post"}],"author":[{"embeddable":true,"href":"https:\/\/de.newseurope.info\/index.php?rest_route=\/wp\/v2\/users\/1"}],"replies":[{"embeddable":true,"href":"https:\/\/de.newseurope.info\/index.php?rest_route=%2Fwp%2Fv2%2Fcomments&post=61317"}],"version-history":[{"count":0,"href":"https:\/\/de.newseurope.info\/index.php?rest_route=\/wp\/v2\/posts\/61317\/revisions"}],"wp:featuredmedia":[{"embeddable":true,"href":"https:\/\/de.newseurope.info\/index.php?rest_route=\/wp\/v2\/media\/61369"}],"wp:attachment":[{"href":"https:\/\/de.newseurope.info\/index.php?rest_route=%2Fwp%2Fv2%2Fmedia&parent=61317"}],"wp:term":[{"taxonomy":"category","embeddable":true,"href":"https:\/\/de.newseurope.info\/index.php?rest_route=%2Fwp%2Fv2%2Fcategories&post=61317"},{"taxonomy":"post_tag","embeddable":true,"href":"https:\/\/de.newseurope.info\/index.php?rest_route=%2Fwp%2Fv2%2Ftags&post=61317"}],"curies":[{"name":"wp","href":"https:\/\/api.w.org\/{rel}","templated":true}]}}