{"id":57884,"date":"2017-03-11T07:17:00","date_gmt":"2017-03-11T07:17:00","guid":{"rendered":"http:\/\/de.newseurope.info\/?p=57884"},"modified":"2019-03-04T09:59:59","modified_gmt":"2019-03-04T09:59:59","slug":"ende-marz-gehts-los-countdown-zum-umstieg-auf-dvb-t2","status":"publish","type":"post","link":"https:\/\/de.newseurope.info\/?p=57884","title":{"rendered":"Ende M\u00e4rz geht\u2019s los: Countdown zum Umstieg auf DVB-T2"},"content":{"rendered":"<div>\n<div class=\"image_description\">Am 29. M&auml;rz kommt die Umstellung.<\/div>\n<p class=\"post_description\">Am 29. M&auml;rz wechselt das Antennenfernsehen die Technik. Wie findet man passende Empfangsger&auml;te, was braucht man &uuml;berhaupt? Wir haben ein paar Ratschl&auml;ge f&uuml;r Sie.<\/p>\n<style type=\"text\/css\">#tile4adlabel:after{content:\"\"} #tile4adlabel:before{content:\"anzeige\"}<\/style>\n<p class=\"First atc-TextParagraph\" id=\"pageIndex_1\"><span class=\"atc-TextFirstLetter\">S<\/span>chreck lass nach: &bdquo;Millionen TV-Haushalten droht schwarzer Bildschirm&ldquo;, mahnt der Bundesverband Technik des Einzelhandels in seiner j&uuml;ngsten Pressemeldung. Ein vorgezogener Aprilscherz? Zun&auml;chst eine Teilentwarnung: Ver&auml;nderungen stehen nur f&uuml;r das Antennenfernsehen DVB-T ins Haus. Wer seine TV-Programme via Kabel, Satellit oder Internet bezieht, kann unverdrossen und ohne Handlungsbedarf weiter gucken wie bisher. Wer gar nicht so genau wei&szlig;, &uuml;ber welche Infrastruktur die bewegten Bilder eigentlich auf den Schirm kommen, geht im Teletext des Ersten oder von <a class=\"rtr-entity\" data-rtr-id=\"c44ed3ff7d4db54b4b585908750342997645935a\" href=\"https:\/\/www.faz.net\/aktuell\/feuilleton\/thema\/rtl\">RTL<\/a> einfach auf die Seite 199: Sie kl&auml;rt dar&uuml;ber auf, ob die TV-Signale &uuml;ber die Antenne vom Funkturm kommen oder aus irgendeiner anderen Quelle.<\/p>\n<p class=\"atc-TextParagraph\">F&uuml;r Antennen-Gucker wird es jetzt tats&auml;chlich h&ouml;chste Zeit, Vorkehrungen zu treffen, denn am 29. M&auml;rz quittiert DVB-T in vielen Regionen Deutschlands den Dienst, allerdings nicht ersatzlos. Dem betagten &Uuml;bertragungssystem folgt eine modernere Variante, DVB-T2 HD genannt. Sie bringt bis zu 40 Programme ausschlie&szlig;lich in HDTV-Qualit&auml;t auf die Mattscheibe, verwendet dazu allerdings eine neue Technik, die passende Empfangsger&auml;te voraussetzt. Was man f&uuml;r das runderneuerte Antennenfernsehen braucht, haben wir in &bdquo;Technik und Motor&ldquo; schon vor vier Monaten er&ouml;rtert. Inzwischen aber gibt es neue Fakten &mdash; und damit Anlass genug f&uuml;r ein Update.<\/p>\n<h3 class=\"atc-SubHeadline\">Mit einer passenden Settop-Box aufr&uuml;sten<\/h3>\n<p class=\"atc-TextParagraph\">So hatten wir noch im November 2016 festgestellt: Es gibt zwar schon Fernseher mit eingebauter Empfangselektronik f&uuml;r DVB-T2 HD, aber fast ausschlie&szlig;lich gro&szlig;e, wohnzimmertaugliche Kaliber mit Ultra-HD-Bildschirmen. Zum Gl&uuml;ck stimmt das so nicht mehr. Schlie&szlig;lich ist DVB-T2 HD ja insbesondere f&uuml;r kleinere Zweitger&auml;te interessant. Wer will schon vom Schlafzimmer aus ein Antennenkabel zur Sat-Sch&uuml;ssel oder zur Kabeldose verlegen? Inzwischen also sind viele einfache Full-HD-Fernseher, sogar solche mit k&uuml;chengerechten 32-Zoll-Bildschirmen (Diagonale 81 Zentimeter) fit f&uuml;r den DVB-T2-HD-Empfang.<\/p>\n<p class=\"atc-TextParagraph\">Woran erkennt man sie? Die Antwort ist nicht ganz trivial. Denn das neue Antennenfernsehen stellt zwei Anforderungen: Die Ger&auml;te m&uuml;ssen mit dem effizienteren &Uuml;bertragungsstandard DVB-T2 zurechtkommen, und sie m&uuml;ssen dar&uuml;ber hinaus in der Lage sein, die ebenfalls enorm effiziente Videokodierung H.265, auch HEVC genannt, zu verarbeiten. Dar&uuml;ber aber geben die Kurzbeschreibungen im Mediensupermarkt nicht immer glasklar Auskunft. Ein gr&uuml;nes Logo mit dem Schriftzug DVB-T2 HD soll sie identifizieren, doch nicht an allen geeigneten Ger&auml;ten ist das Etikett auch wirklich zu sehen. Finale Klarheit schafft eine Ger&auml;teliste auf der Website der deutschen TV-Plattform (<a href=\"http:\/\/www.tv-plattform.de\/de\/dvb-t2-hd-geraeteliste\">http:\/\/www.tv-plattform.de\/de\/dvb-t2-hd-geraeteliste<\/a>). Sie ist jetzt, anders als noch im vergangenen Herbst, umfassend und mit ihren Auswahlfiltern obendrein komfortabel. Wer mag, kann sich das Werk auch als PDF-Datei auf den Rechner laden und ausdrucken &mdash; als R&uuml;ckversicherung beim Ger&auml;tekauf.<\/p>\n<div class=\"source\">Quelle: <a href=\"http:\/\/www.faz.net\/aktuell\/technik-motor\/audio-video\/dvb-t-wird-dvb-t2-hd-wie-funktioniert-der-umstieg-14910534.html\">http:\/\/www.faz.net\/aktuell\/technik-motor\/audio-video\/dvb-t-wird-dvb-t2-hd-wie-funktioniert-der-umstieg-14910534.html<\/a><\/div>\n<\/div>\n","protected":false},"excerpt":{"rendered":"<p>Am 29. M\u00e4rz wechselt das Antennenfernsehen die Technik. Wie findet man passende Empfangsger\u00e4te, was braucht man \u00fcberhaupt? Wir haben ein paar Ratschl\u00e4ge f\u00fcr Sie.<\/p>\n","protected":false},"author":1,"featured_media":47653,"comment_status":"open","ping_status":"open","sticky":false,"template":"","format":"standard","meta":{"footnotes":""},"categories":[486,454],"tags":[15509,15508,2839,14390,6898,827,13678],"class_list":["post-57884","post","type-post","status-publish","format-standard","has-post-thumbnail","hentry","category-audio-video","category-technik-motor","tag-antennenfernsehen","tag-countdown","tag-freenet","tag-isin_de000a0z2zz5","tag-isin_lu0061462528","tag-rtl","tag-umstieg"],"_links":{"self":[{"href":"https:\/\/de.newseurope.info\/index.php?rest_route=\/wp\/v2\/posts\/57884","targetHints":{"allow":["GET"]}}],"collection":[{"href":"https:\/\/de.newseurope.info\/index.php?rest_route=\/wp\/v2\/posts"}],"about":[{"href":"https:\/\/de.newseurope.info\/index.php?rest_route=\/wp\/v2\/types\/post"}],"author":[{"embeddable":true,"href":"https:\/\/de.newseurope.info\/index.php?rest_route=\/wp\/v2\/users\/1"}],"replies":[{"embeddable":true,"href":"https:\/\/de.newseurope.info\/index.php?rest_route=%2Fwp%2Fv2%2Fcomments&post=57884"}],"version-history":[{"count":0,"href":"https:\/\/de.newseurope.info\/index.php?rest_route=\/wp\/v2\/posts\/57884\/revisions"}],"wp:featuredmedia":[{"embeddable":true,"href":"https:\/\/de.newseurope.info\/index.php?rest_route=\/wp\/v2\/media\/47653"}],"wp:attachment":[{"href":"https:\/\/de.newseurope.info\/index.php?rest_route=%2Fwp%2Fv2%2Fmedia&parent=57884"}],"wp:term":[{"taxonomy":"category","embeddable":true,"href":"https:\/\/de.newseurope.info\/index.php?rest_route=%2Fwp%2Fv2%2Fcategories&post=57884"},{"taxonomy":"post_tag","embeddable":true,"href":"https:\/\/de.newseurope.info\/index.php?rest_route=%2Fwp%2Fv2%2Ftags&post=57884"}],"curies":[{"name":"wp","href":"https:\/\/api.w.org\/{rel}","templated":true}]}}