{"id":52081,"date":"2017-12-15T14:34:21","date_gmt":"2017-12-15T14:34:21","guid":{"rendered":"http:\/\/de.newseurope.info\/?p=52081"},"modified":"2017-12-18T11:42:00","modified_gmt":"2017-12-18T11:42:00","slug":"nach-foto-mit-miss-israel-verwandte-von-miss-irak-mussen-fliehen","status":"publish","type":"post","link":"https:\/\/de.newseurope.info\/?p=52081","title":{"rendered":"Nach Foto mit \u201eMiss Israel\u201c: Verwandte von \u201eMiss Irak\u201c m\u00fcssen fliehen"},"content":{"rendered":"<div>\n<div class=\"image_description\">Das Selfie, das Miss Irak nun zum Verh&auml;ngnis wird: Sie posiert gemeinsam mit Miss Israel.<\/div>\n<p class=\"post_description\">&bdquo;Frieden und Liebe von Miss Irak und Miss Israel.&ldquo; Mit dieser Botschaft haben die beiden Sch&ouml;nheitsk&ouml;niginnen ein gemeinsames Selfie verbreitet. Das wird Miss Irak nun zum Verh&auml;ngnis.<\/p>\n<p class=\"First atc-TextParagraph\" id=\"pageIndex_1\"><span class=\"atc-TextFirstLetter\">E<\/span>in gemeinsames Foto mit Israels Sch&ouml;nheitsk&ouml;nigin hat f&uuml;r &bdquo;Miss Irak&ldquo; und ihre Familie unangenehme Folgen: Wegen Anfeindungen und Drohungen seien Verwandte der 27 Jahre alten Sarah Idan vor&uuml;bergehend aus dem Irak in die Vereinigten Staaten geflohen, meldete die israelische Nachrichtenseite &bdquo;Hadashot News&ldquo;. Sie berief sich dabei auf Aussagen von Miss Israel, Adar Gandelsman.<\/p>\n<p class=\"atc-TextParagraph\">Idan selbst verbreitete einen Artikel &uuml;ber die Flucht ihrer Familie am Freitag &uuml;ber <a class=\"rtr-entity\" data-rtr-id=\"d9397d4bad5ce56be763ffc86ee6bc5eacb562bb\" href=\"\/aktuell\/wirtschaft\/thema\/twitter\">Twitter<\/a> und schrieb dazu: &bdquo;Ich bin weder die erste noch die letzte Person, die wegen einer Angelegenheit der pers&ouml;nlichen Freiheit Verfolgung ausgesetzt ist.&ldquo;<\/p>\n<p class=\"atc-TextParagraph\">Die beiden Frauen hatten sich Mitte November bei der Wahl der Miss Universe in Las Vegas gemeinsam ablichten lassen und Bilder &uuml;ber <a class=\"rtr-entity\" data-rtr-id=\"090e1d977aeeb5ee52270a2f63eb34ec6464099b\" href=\"\/aktuell\/wirtschaft\/thema\/instagram\">Instagram<\/a> im Internet verbreitet. Idan schrieb dazu: &bdquo;Frieden und Liebe von Miss Irak und Miss Israel.&ldquo; Die Bilder l&ouml;sten im Irak gro&szlig;e Emp&ouml;rung aus, auch weil Idan im Bikini aufgetreten war.<\/p>\n<p class=\"atc-TextParagraph\">Idan erkl&auml;rte danach &uuml;ber Instagram, mit dem Bild habe sie nur ihren Wunsch nach Frieden zwischen allen L&auml;ndern ausdr&uuml;cken wollen. Es sei nicht darum gegangen, die israelische Regierung zu unterst&uuml;tzen. Die in Bagdad geborene Sch&ouml;nheitsk&ouml;nigin lebt unter anderem in den Vereinigten Staaten.<\/p>\n<p class=\"atc-TextParagraph\">&bdquo;Sie ist eine sehr intelligente Frau, und sie hat es getan, damit die Menschen verstehen, dass es m&ouml;glich ist, zusammen zu leben&ldquo;, sagte Gandelsman &bdquo;Hadashot News&ldquo;. Idan und sie h&auml;tten sich am zweiten Tag des Wettbewerbs getroffen und gut miteinander verstanden. &bdquo;Seither stehen wir in Kontakt und reden die ganze Zeit.&ldquo; Gandelsman selbst hatte auf ihrer Instagram-Seite neben das Bild geschrieben: &bdquo;Darf ich vorstellen, das ist Miss Irak, und sie ist wunderbar.&ldquo;<\/p>\n<div class=\"source\">Quelle: <a href=\"http:\/\/www.faz.net\/aktuell\/gesellschaft\/menschen\/nach-selfie-mit-miss-israel-verwandte-von-miss-irak-muessen-fliehen-15342613.html\">http:\/\/www.faz.net\/aktuell\/gesellschaft\/menschen\/nach-selfie-mit-miss-israel-verwandte-von-miss-irak-muessen-fliehen-15342613.html<\/a><\/div>\n<\/div>\n","protected":false},"excerpt":{"rendered":"<p>\u201eFrieden und Liebe von Miss Irak und Miss Israel.\u201c Mit dieser Botschaft haben die beiden Sch\u00f6nheitsk\u00f6niginnen ein gemeinsames Selfie verbreitet. Das wird Miss Irak nun zum Verh\u00e4ngnis.<\/p>\n","protected":false},"author":1,"featured_media":52101,"comment_status":"open","ping_status":"open","sticky":false,"template":"","format":"standard","meta":{"footnotes":""},"categories":[361,362],"tags":[8531,1289,547,597,274],"class_list":["post-52081","post","type-post","status-publish","format-standard","has-post-thumbnail","hentry","category-gesellschaft","category-menschen","tag-idan","tag-instagram","tag-irak","tag-twitter","tag-usa"],"_links":{"self":[{"href":"https:\/\/de.newseurope.info\/index.php?rest_route=\/wp\/v2\/posts\/52081","targetHints":{"allow":["GET"]}}],"collection":[{"href":"https:\/\/de.newseurope.info\/index.php?rest_route=\/wp\/v2\/posts"}],"about":[{"href":"https:\/\/de.newseurope.info\/index.php?rest_route=\/wp\/v2\/types\/post"}],"author":[{"embeddable":true,"href":"https:\/\/de.newseurope.info\/index.php?rest_route=\/wp\/v2\/users\/1"}],"replies":[{"embeddable":true,"href":"https:\/\/de.newseurope.info\/index.php?rest_route=%2Fwp%2Fv2%2Fcomments&post=52081"}],"version-history":[{"count":0,"href":"https:\/\/de.newseurope.info\/index.php?rest_route=\/wp\/v2\/posts\/52081\/revisions"}],"wp:featuredmedia":[{"embeddable":true,"href":"https:\/\/de.newseurope.info\/index.php?rest_route=\/wp\/v2\/media\/52101"}],"wp:attachment":[{"href":"https:\/\/de.newseurope.info\/index.php?rest_route=%2Fwp%2Fv2%2Fmedia&parent=52081"}],"wp:term":[{"taxonomy":"category","embeddable":true,"href":"https:\/\/de.newseurope.info\/index.php?rest_route=%2Fwp%2Fv2%2Fcategories&post=52081"},{"taxonomy":"post_tag","embeddable":true,"href":"https:\/\/de.newseurope.info\/index.php?rest_route=%2Fwp%2Fv2%2Ftags&post=52081"}],"curies":[{"name":"wp","href":"https:\/\/api.w.org\/{rel}","templated":true}]}}