{"id":50393,"date":"2017-08-27T12:35:07","date_gmt":"2017-08-27T12:35:07","guid":{"rendered":"http:\/\/de.newseurope.info\/?p=50393"},"modified":"2017-08-28T07:00:25","modified_gmt":"2017-08-28T07:00:25","slug":"londoner-polizei-nimmt-weiteren-verdachtigen-fest","status":"publish","type":"post","link":"https:\/\/de.newseurope.info\/?p=50393","title":{"rendered":"Londoner Polizei nimmt weiteren Verd\u00e4chtigen fest"},"content":{"rendered":"<div>\n<div class=\"image_description\">Strenge Sicherheitsvorkehrungen: ein Polizeiwagen vor dem Buckingham Palast in London<\/div>\n<p class=\"post_description\">Nach den Angriffen auf Sicherheitskr&auml;fte in Br&uuml;ssel und London hat sich der Terrorverdacht erh&auml;rtet: Die IS-Miliz reklamierte die Attacke in Belgien f&uuml;r sich &ndash; und in London nahm die Polizei einen weiteren Verd&auml;chtigen fest.<\/p>\n<p id=\"pageIndex_1\">Nach zwei Angriffen auf Sicherheitskr&auml;fte in Br&uuml;ssel und London scheint sich der Terrorverdacht zu best&auml;tigen. Die Dschihadistenmiliz Islamischer Staat (IS) reklamierte die Br&uuml;sseler Attacke am Wochenende f&uuml;r sich. In London nahm die <a href=\"http:\/\/www.faz.net\/aktuell\/politik\/thema\/polizei\">Polizei<\/a> nach einem Schwert-Angriff auf Polizisten vor dem Buckingham-Palast einen zweiten Verd&auml;chtigen fest. Bei den beiden fast zeitgleichen Attacken am Freitagabend waren insgesamt vier Sicherheitskr&auml;fte verletzt worden.<\/p>\n<p>Der IS erkl&auml;rte, der Angriff von Br&uuml;ssel sei von einem &bdquo;Soldaten&ldquo; der Miliz ver&uuml;bt worden. Der T&auml;ter sei &bdquo;einem Aufruf zum Angriff auf die Koalitionsstaaten&ldquo; gefolgt, die sich an der internationalen Milit&auml;rallianz gegen den IS beteiligen, hie&szlig; es im Propaganda-Organ Amaq. Der get&ouml;tete Angreifer in Belgien wurde als geb&uuml;rtiger Somalier identifiziert, der seit 2015 die belgische Staatsb&uuml;rgerschaft hatte. Er war den Beh&ouml;rden nicht als Islamist bekannt.<\/p>\n<h2>Br&uuml;sseler Angreifer nicht wegen Terrorismus einschl&auml;gig<\/h2>\n<p>Die belgische Staatsanwaltschaft nahm Ermittlungen wegen &bdquo;versuchten terroristischen Mordes&ldquo; auf. Der Angreifer war am Freitagabend im Zentrum von Br&uuml;ssel mit einem Messer auf Soldaten losgegangen und hatte &bdquo;Allahu Akbar&ldquo; gerufen, bevor er von den Soldaten erschossen wurde. Ein Soldat wurde bei dem Angriff verletzt.<\/p>\n<p>Bei dem Toten wurden zwei Koran-Ausgaben sowie eine Waffenattrappem gefunden. Der 1987 geborene T&auml;ter war 2004 nach Belgien eingewandert. Er wurde im Februar erstmals wegen K&ouml;rperverletzung aktenkundig.<\/p>\n<p><span>Messerattacke in Br&uuml;ssel: Beh&ouml;rden gehen von Terror-Angriff aus<\/span><\/p>\n<p>In London wurde nach dem Angriff auf Polizisten vor dem Buckingham-Palast am Sonntagmorgen ein zweiter Verd&auml;chtiger festgenommen. Der 30 Jahre alte Mann werde verd&auml;chtigt, an der &bdquo;Planung, Vorbereitung oder Anstiftung eines Terroraktes&ldquo; beteiligt gewesen zu sein, teilte die britische Polizei mit. Die Anti-Terror-Einheit von Scotland Yard ermittelt.<\/p>\n<p>Zu dem zuvor festgenommenen T&auml;ter lagen nur wenige Angaben vor. Die Polizei erkl&auml;rte, er habe vor dem Angriff auf Polizisten vor dem Buckingham-Palast ebenfalls wiederholt &bdquo;Allahu Akbar&ldquo; gerufen. Der Mann habe ein rund 1,20 Meter langes Schwert benutzt und sei von den Sicherheitskr&auml;ften mit Reizgas kampfunf&auml;hig gemacht worden.<\/p>\n<p>Nach Angaben der Ermittler stammt der 26-J&auml;hrige aus Luton n&ouml;rdlich von London, wo Durchsuchungen angeordnet wurden. Der Mann war am Freitagabend gut zwei Stunden nach dem Angriff von Br&uuml;ssel vor dem Palast von K&ouml;nigin Elizabeth II. im Zentrum Londons vorgefahren und hatte in der N&auml;he eines Polizeifahrzeugs angehalten, bevor er seine Waffe z&uuml;ckte. Bei seiner Festnahme wurden drei Polizisten verletzt.<\/p>\n<p>In Br&uuml;ssel und London sind nach einer Serie islamistischer Anschl&auml;ge strikte Sicherheitsvorkehrungen in Kraft. In Br&uuml;ssel gilt erh&ouml;hte Alarmstufe, seit im M&auml;rz 2016 bei zwei Anschl&auml;gen am Flughafen und in einer Metrostation 32 Menschen get&ouml;tet und hunderte weitere verletzt wurden. Dazu bekannte sich ebenfalls die IS-Miliz.<\/p>\n<p>In Gro&szlig;britannien wurden bei islamistischen Anschl&auml;gen seit M&auml;rz insgesamt 35 Menschen get&ouml;tet. Zwei der Anschl&auml;ge wurden in London ver&uuml;bt, einer in Manchester. In der Stadt im Nordwesten Englands hatte sich im Mai ein Selbstmordattent&auml;ter bei einem Popkonzert in die Luft gesprengt und 22 Menschen mit in den Tod gerissen.<\/p>\n<p>Der IS reklamierte auch die j&uuml;ngsten Anschl&auml;ge in Spanien f&uuml;r sich, bei denen am 17. August in Barcelona und Cambrils 16 Menschen get&ouml;tet und mehr als 120 weitere verletzt worden waren.<\/p>\n<p><span>Nach Anschl&auml;gen: Hunderttausende demonstrieren in Barcelona<\/span><\/p>\n<div class=\"source\">Quelle: <a href=\"http:\/\/www.faz.net\/aktuell\/politik\/ausland\/schwert-angriff-londoner-polizei-nimmt-weiteren-verdaechtigen-fest-15170800.html\">http:\/\/www.faz.net\/aktuell\/politik\/ausland\/schwert-angriff-londoner-polizei-nimmt-weiteren-verdaechtigen-fest-15170800.html<\/a><\/div>\n<\/div>\n","protected":false},"excerpt":{"rendered":"<p>Nach den Angriffen auf Sicherheitskr\u00e4fte in Br\u00fcssel und London hat sich der Terrorverdacht erh\u00e4rtet: Die IS-Miliz reklamierte die Attacke in Belgien f\u00fcr sich \u2013 und in London nahm die Polizei einen weiteren Verd\u00e4chtigen fest.<\/p>\n","protected":false},"author":1,"featured_media":50404,"comment_status":"open","ping_status":"open","sticky":false,"template":"","format":"standard","meta":{"footnotes":""},"categories":[35,21],"tags":[5849,497,4897,4598,327,270,1520],"class_list":["post-50393","post","type-post","status-publish","format-standard","has-post-thumbnail","hentry","category-ausland","category-politik","tag-amaq","tag-belgien","tag-brussel-reisen","tag-is","tag-london","tag-polizei","tag-staatsanwaltschaft"],"_links":{"self":[{"href":"https:\/\/de.newseurope.info\/index.php?rest_route=\/wp\/v2\/posts\/50393","targetHints":{"allow":["GET"]}}],"collection":[{"href":"https:\/\/de.newseurope.info\/index.php?rest_route=\/wp\/v2\/posts"}],"about":[{"href":"https:\/\/de.newseurope.info\/index.php?rest_route=\/wp\/v2\/types\/post"}],"author":[{"embeddable":true,"href":"https:\/\/de.newseurope.info\/index.php?rest_route=\/wp\/v2\/users\/1"}],"replies":[{"embeddable":true,"href":"https:\/\/de.newseurope.info\/index.php?rest_route=%2Fwp%2Fv2%2Fcomments&post=50393"}],"version-history":[{"count":0,"href":"https:\/\/de.newseurope.info\/index.php?rest_route=\/wp\/v2\/posts\/50393\/revisions"}],"wp:featuredmedia":[{"embeddable":true,"href":"https:\/\/de.newseurope.info\/index.php?rest_route=\/wp\/v2\/media\/50404"}],"wp:attachment":[{"href":"https:\/\/de.newseurope.info\/index.php?rest_route=%2Fwp%2Fv2%2Fmedia&parent=50393"}],"wp:term":[{"taxonomy":"category","embeddable":true,"href":"https:\/\/de.newseurope.info\/index.php?rest_route=%2Fwp%2Fv2%2Fcategories&post=50393"},{"taxonomy":"post_tag","embeddable":true,"href":"https:\/\/de.newseurope.info\/index.php?rest_route=%2Fwp%2Fv2%2Ftags&post=50393"}],"curies":[{"name":"wp","href":"https:\/\/api.w.org\/{rel}","templated":true}]}}