{"id":50096,"date":"2017-08-01T20:34:19","date_gmt":"2017-08-01T20:34:19","guid":{"rendered":"http:\/\/de.newseurope.info\/?p=50096"},"modified":"2017-08-01T20:34:19","modified_gmt":"2017-08-01T20:34:19","slug":"venezuelas-stahlgitter-der-unterdruckung","status":"publish","type":"post","link":"https:\/\/de.newseurope.info\/?p=50096","title":{"rendered":"Venezuelas Stahlgitter der Unterdr\u00fcckung"},"content":{"rendered":"<div class=\"image_description\">Konterfei des venezolanischen Regierungspr\u00e4sidenten Nicol\u00e1s Maduro: Unerw\u00fcnscht bei den Demonstranten<\/div>\n<p>Venezuelas Pr\u00e4sident Maduro schreitet mit dem Umbau des Staates voran. W\u00e4hrend viele seiner Gegner ersch\u00f6pft resignieren, radikalisieren sich Teile des \u201eWiderstands\u201c. Ist eine L\u00f6sung der Krise \u00fcberhaupt noch denkbar?<\/p>\n<p><!--more--><\/p>\n<p id=\"pageIndex_1\">Der venezolanische Pr\u00e4sident <a href=\"http:\/\/www.faz.net\/aktuell\/politik\/thema\/nicol\u00e1s-maduro\">Nicol\u00e1s Maduro<\/a> treibt Kapitel um Kapitel die \u201eKubanisierung\u201c seines Landes voran. Dass es ihm gelingen wird, nach dem Vorbild des kommunistischen Regimes in Havanna ein Stahlgitter der Unterdr\u00fcckung \u00fcber sein Volk zu legen und in Venezuela eine sozialistische Diktatur zu errichten, kann nicht von vornherein ausgeschlossen werden. Das venezolanische Volk mag zwar nach Freiheit hungern und einen Ausweg aus der katastrophalen Wirtschafts- und Versorgungskrise herbeisehnen. Aber so lange das Milit\u00e4r wesentliche Teile der Wirtschaft und Gesellschaft kontrolliert und von allen Institutionen am meisten vom Status quo profitiert, werden Gewehre und Panzerwagen f\u00fcr dessen Fortbestand sorgen. Wie in Kuba.<\/p>\n<p>Bei den Wahlen zur verfassunggebenden Versammlung vom Sonntag gab es faktisch nur Kandidaten, die der Sozialistischen Einheitspartei (PSUV) oder deren Satellitenorganisationen nahestanden. Wie in Kuba- auch dort versteht man unter Wahlen die kollektive Zwangszustimmung zu den zuvor von der Partei aufgestellten Einheitslisten. In den Verfassungskonvent gew\u00e4hlt wurden am Sonntag unter anderen Maduros Ehefrau Cilia Flores, der fr\u00fchere Parlamentspr\u00e4sident Diosdado Cabello und die einstige Au\u00dfenministerin Delcy Rodr\u00edguez \u2013 die Drei sind m\u00e4chtige Funktion\u00e4re der PSUV. \u00dcberhaupt konnten sich am Wahlsonntag alle Einheitslistenkandidaten durchsetzen. Wie in Kuba.<\/p>\n<p>Ein Missgeschick wie jenes, das Pr\u00e4sident Maduro bei der Stimmabgabe am fr\u00fchen Sonntagmorgen in Caracas widerfuhr, w\u00e4re aber in Kuba undenkbar. Als die Leiterin des Wahllokals Maduros Personalausweis ins elektronische System einlesen lie\u00df, meldete das Ger\u00e4t, dass die betreffende Person nicht existiere oder der Ausweis annulliert worden sei. Maduro war der vom Staatsfernsehen \u00fcbertragene und sp\u00e4ter in sozialen Netzwerken millionenfach verbreitete Zwischenfall peinlich. Aber an der Stimmabgabe lie\u00df er sich nicht hindern, und auch seine Siegeszuversicht blieb ungebrochen.<\/p>\n<h2>Verhaftungen ohne Haftbefehl<\/h2>\n<p>In der Nacht zum Dienstag nahm der venezolanische Geheimdienst Sebin die beiden Oppositionsf\u00fchrer Leopoldo L\u00f3pez und Antonio Ledezma fest. Einen Haftbefehl brachten die maskierten und schwer bewaffneten Agenten nicht mit, als sie L\u00f3pez und Ledezma buchst\u00e4blich aus dem Bett holten und in die bereitstehenden Autos bugsierten. Auch in Kuba werden Dissidenten willk\u00fcrlich verhaftet und unbefristet festgehalten oder auch wieder freigelassen, wenn es dem Regime politisch opportun erscheint. L\u00f3pez und Ledezma hatten bereits als angebliche R\u00e4delsf\u00fchrer der gewaltsamen Proteste vom Januar und Februar 2014 mit 43 Toten im Gef\u00e4ngnis gesessen, bis das Regime sie aus \u201eGesundheitsgr\u00fcnden\u201c in den Hausarrest entlie\u00df. Jetzt wurden die beiden Oppositionspolitiker wieder verhaftet, und die Angeh\u00f6rigen wussten bis Dienstagnachmittag nichts \u00fcber ihren Verbleib.<\/p>\n<div class=\"source\">Quelle: <a href=\"http:\/\/www.faz.net\/aktuell\/politik\/ausland\/venezuela-in-der-krise-stahlgitter-der-unterdrueckung-15132319.html\">http:\/\/www.faz.net\/aktuell\/politik\/ausland\/venezuela-in-der-krise-stahlgitter-der-unterdrueckung-15132319.html<\/a><\/div>\n","protected":false},"excerpt":{"rendered":"<p>Konterfei des venezolanischen Regierungspr\u00e4sidenten Nicol\u00e1s Maduro: Unerw\u00fcnscht bei den Demonstranten Venezuelas Pr\u00e4sident Maduro schreitet mit dem Umbau des Staates voran. W\u00e4hrend viele seiner Gegner ersch\u00f6pft resignieren, radikalisieren sich Teile des \u201eWiderstands\u201c. Ist eine L\u00f6sung der Krise \u00fcberhaupt noch denkbar?<\/p>\n","protected":false},"author":1,"featured_media":50097,"comment_status":"open","ping_status":"open","sticky":false,"template":"","format":"standard","meta":{"footnotes":""},"categories":[35,21],"tags":[2551,4860,3552,2303,703,5448,274,2026],"class_list":["post-50096","post","type-post","status-publish","format-standard","has-post-thumbnail","hentry","category-ausland","category-politik","tag-caracas","tag-donald-trump","tag-geheimdienst","tag-havanna","tag-kuba","tag-nicolas-maduro","tag-usa","tag-venezuela"],"_links":{"self":[{"href":"https:\/\/de.newseurope.info\/index.php?rest_route=\/wp\/v2\/posts\/50096","targetHints":{"allow":["GET"]}}],"collection":[{"href":"https:\/\/de.newseurope.info\/index.php?rest_route=\/wp\/v2\/posts"}],"about":[{"href":"https:\/\/de.newseurope.info\/index.php?rest_route=\/wp\/v2\/types\/post"}],"author":[{"embeddable":true,"href":"https:\/\/de.newseurope.info\/index.php?rest_route=\/wp\/v2\/users\/1"}],"replies":[{"embeddable":true,"href":"https:\/\/de.newseurope.info\/index.php?rest_route=%2Fwp%2Fv2%2Fcomments&post=50096"}],"version-history":[{"count":0,"href":"https:\/\/de.newseurope.info\/index.php?rest_route=\/wp\/v2\/posts\/50096\/revisions"}],"wp:featuredmedia":[{"embeddable":true,"href":"https:\/\/de.newseurope.info\/index.php?rest_route=\/wp\/v2\/media\/50097"}],"wp:attachment":[{"href":"https:\/\/de.newseurope.info\/index.php?rest_route=%2Fwp%2Fv2%2Fmedia&parent=50096"}],"wp:term":[{"taxonomy":"category","embeddable":true,"href":"https:\/\/de.newseurope.info\/index.php?rest_route=%2Fwp%2Fv2%2Fcategories&post=50096"},{"taxonomy":"post_tag","embeddable":true,"href":"https:\/\/de.newseurope.info\/index.php?rest_route=%2Fwp%2Fv2%2Ftags&post=50096"}],"curies":[{"name":"wp","href":"https:\/\/api.w.org\/{rel}","templated":true}]}}