{"id":50094,"date":"2017-08-02T02:33:31","date_gmt":"2017-08-02T02:33:31","guid":{"rendered":"http:\/\/de.newseurope.info\/?p=50094"},"modified":"2017-08-02T02:33:31","modified_gmt":"2017-08-02T02:33:31","slug":"trump-attackiert-maduro-diktatur","status":"publish","type":"post","link":"https:\/\/de.newseurope.info\/?p=50094","title":{"rendered":"Trump attackiert \u201eMaduro-Diktatur\u201c"},"content":{"rendered":"<div class=\"image_description\">Ein Demonstrant wird auf einer Kundgebung gegen Pr\u00e4sident Maduro am Wochenende in Caracas festgenommen.<\/div>\n<p>Amerika bezieht gro\u00dfe Mengen Erd\u00f6l vom \u201eKlassenfeind\u201c in Venezuela. So ist das Land f\u00fcr Venezuelas Staatschef Maduro eine Art Lebensversicherung. Doch nun droht Pr\u00e4sident Trump mit heftigen Ma\u00dfnahmen.<\/p>\n<p><!--more--><\/p>\n<p id=\"pageIndex_1\">Das Abdriften Venezuelas in ein Diktatur f\u00fchrt zu immer st\u00e4rken Spannungen mit den Vereinigten Staaten. Nach der n\u00e4chtlichen Festnahme von zwei f\u00fchrenden Oppositionspolitikern machte Amerikas Pr\u00e4sident Donald Trump Staatschef <a href=\"http:\/\/www.faz.net\/aktuell\/politik\/thema\/nicol\u00e1s-maduro\">Nicol\u00e1s Maduro<\/a> pers\u00f6nlich f\u00fcr das Schicksal der beiden in einem ber\u00fcchtigten Milit\u00e4rgef\u00e4ngnis inhaftierten Politiker verantwortlich. Er verurteilte in einer Erkl\u00e4rung des Wei\u00dfen Hauses die Aktionen der \u201eMaduro-Diktatur\u201c.<\/p>\n<p>Leopoldo L\u00f3pez, Chef der Partei Voluntad Popular, und Antonio Ledezma, B\u00fcrgermeister der Metropolregion Caracas, waren in der Nacht zu Dienstag in ihren Wohnungen vom Geheimdienst abgeholt worden.<\/p>\n<p>\u201eDie Vereinigten Staaten halten Maduro &#8211; der Stunden zuvor das Vorgehen gegen die politische Opposition angek\u00fcndigt hatte &#8211; pers\u00f6nlich verantwortlich f\u00fcr Gesundheit und Sicherheit von Herrn Lopez, Herrn Ledezma und anderen Festgenommenen\u201c, betonte <a href=\"http:\/\/www.faz.net\/aktuell\/politik\/thema\/donald-trump\">Trump<\/a>.<\/p>\n<p>Alle politischen Gefangenen seien sofort freizulassen. Trumps Regierung h\u00e4lt sich auch einen Stopp der \u00d6limporte offen &#8211; das Land ist mit 700.000 Barrel am Tag gr\u00f6\u00dfter Abnehmer. Im Monat bezieht Venezuela rund 900 Millionen Dollar (rund 764,6 Millionen Euro) aus diesen Verk\u00e4ufen, das ruinierte Land ist dringend auf die Devisen angewiesen. Zur Frage nach einem Importstopp sagte Amerikas Au\u00dfenminister <a href=\"http:\/\/www.faz.net\/aktuell\/politik\/thema\/rex-tillerson\">Rex Tillerson<\/a> in Washington: \u201eWir pr\u00fcfen alle unsere politischen Optionen, was wir tun k\u00f6nnen, um einen Wandel zu erreichen mit dem Maduro entweder entscheidet, dass er keine Zukunft hat (&#8230;), oder mit dem die Regierung zur\u00fcckkehrt zur Verfassung.\u201c<\/p>\n<p><video id=\"fazVideo59480111_contentElement\"  style=\"display:none\"><\/p>\n<p >To view this video please enable JavaScript, and consider upgrading to a web browser that <a href=\"http:\/\/www.faz.net\/aktuell\/politik\/thema\/robert-mugabe\">Robert Mugabe<\/a> (Simbabwe) und Baschar al-Assad (Syrien) gesetzt. M\u00f6gliche Konten und Verm\u00f6gen in den Vereinigten Staaten werden blockiert. Maduro hatte die Sanktionen verspottet und Maduro davor gewarnt, sich in Venezuela einzumischen.<\/p>\n<p>Die Festnahmen der Oppositionspolitiker erfolgten wenige Stunden, nachdem die Sanktionen gegen Maduro verh\u00e4ngt wurden. L\u00f3pez wird stark von dem Senator Floridas, Marco Rubio, unterst\u00fctzt, vor der Wahl in Venezuela telefonierte auch Amerikas Vizepr\u00e4sident Mike Pence mit L\u00f3pez.<\/p>\n<p>Im Februar empfing Trump demonstrativ dessen Ehefrau Lilian Tintori im Wei\u00dfen Haus. Tags darauf best\u00e4tigte der Oberste Gerichtshof in Venezuela die Haftstrafe von 13 Jahren, neun Monaten und sieben Tagen gegen L\u00f3pez. Ihm wird angebliche Anstachelung zu Gewalt bei Protesten vorgeworfen, die 2014 \u00fcber mehrere Monate 43 Todesopfer forderten.<\/p>\n<p>L\u00f3pez sa\u00df dreieinhalb Jahre bereits im Gef\u00e4ngnis, war aber vor der Wahl \u00fcberraschend am 8. Juli in den Hausarrest entlassen worden. Er hatte wohl damit gerechnet, dass der Geheimdienst ihn abholen wird. F\u00fcr diesen Fall hatte er am 17. Juli zusammen mit seiner Frau Lilian Tintori eine Videobotschaft aufgenommen, die nun ver\u00f6ffentlicht wurde. Darin sitzen beide in ihrer Wohnung, und L\u00f3pez offenbart, dass Tintori schwanger ist. Er streichelt ihren Bauch und sagt: \u201eHier haben wir einen weiteren Grund, um f\u00fcr ein besseres Venezuela zu k\u00e4mpfen.\u201c Er schicke \u201eeine Botschaft des Optimismus, der St\u00e4rke und des Glaubens\u201c. Es gehe um ein freies und demokratisches Venezuela.<\/p>\n<div class=\"source\">Quelle: <a href=\"http:\/\/www.faz.net\/aktuell\/politik\/ausland\/trump-attackiert-maduro-diktatur-oel-importstopp-eine-option-15132912.html\">http:\/\/www.faz.net\/aktuell\/politik\/ausland\/trump-attackiert-maduro-diktatur-oel-importstopp-eine-option-15132912.html<\/a><\/div>\n","protected":false},"excerpt":{"rendered":"<p>Ein Demonstrant wird auf einer Kundgebung gegen Pr\u00e4sident Maduro am Wochenende in Caracas festgenommen. Amerika bezieht gro\u00dfe Mengen Erd\u00f6l vom \u201eKlassenfeind\u201c in Venezuela. So ist das Land f\u00fcr Venezuelas Staatschef Maduro eine Art Lebensversicherung. Doch nun droht Pr\u00e4sident Trump mit heftigen Ma\u00dfnahmen.<\/p>\n","protected":false},"author":1,"featured_media":50095,"comment_status":"open","ping_status":"open","sticky":false,"template":"","format":"standard","meta":{"footnotes":""},"categories":[35,21],"tags":[5347,4860,3552,1979,5448,274,2026],"class_list":["post-50094","post","type-post","status-publish","format-standard","has-post-thumbnail","hentry","category-ausland","category-politik","tag-amerika","tag-donald-trump","tag-geheimdienst","tag-kim-jong-un","tag-nicolas-maduro","tag-usa","tag-venezuela"],"_links":{"self":[{"href":"https:\/\/de.newseurope.info\/index.php?rest_route=\/wp\/v2\/posts\/50094","targetHints":{"allow":["GET"]}}],"collection":[{"href":"https:\/\/de.newseurope.info\/index.php?rest_route=\/wp\/v2\/posts"}],"about":[{"href":"https:\/\/de.newseurope.info\/index.php?rest_route=\/wp\/v2\/types\/post"}],"author":[{"embeddable":true,"href":"https:\/\/de.newseurope.info\/index.php?rest_route=\/wp\/v2\/users\/1"}],"replies":[{"embeddable":true,"href":"https:\/\/de.newseurope.info\/index.php?rest_route=%2Fwp%2Fv2%2Fcomments&post=50094"}],"version-history":[{"count":0,"href":"https:\/\/de.newseurope.info\/index.php?rest_route=\/wp\/v2\/posts\/50094\/revisions"}],"wp:featuredmedia":[{"embeddable":true,"href":"https:\/\/de.newseurope.info\/index.php?rest_route=\/wp\/v2\/media\/50095"}],"wp:attachment":[{"href":"https:\/\/de.newseurope.info\/index.php?rest_route=%2Fwp%2Fv2%2Fmedia&parent=50094"}],"wp:term":[{"taxonomy":"category","embeddable":true,"href":"https:\/\/de.newseurope.info\/index.php?rest_route=%2Fwp%2Fv2%2Fcategories&post=50094"},{"taxonomy":"post_tag","embeddable":true,"href":"https:\/\/de.newseurope.info\/index.php?rest_route=%2Fwp%2Fv2%2Ftags&post=50094"}],"curies":[{"name":"wp","href":"https:\/\/api.w.org\/{rel}","templated":true}]}}