{"id":49801,"date":"2017-07-07T04:38:14","date_gmt":"2017-07-07T04:38:14","guid":{"rendered":"http:\/\/de.newseurope.info\/?p=49801"},"modified":"2017-07-07T04:38:14","modified_gmt":"2017-07-07T04:38:14","slug":"audi-mitarbeiter-festgenommen","status":"publish","type":"post","link":"https:\/\/de.newseurope.info\/?p=49801","title":{"rendered":"Audi-Mitarbeiter festgenommen"},"content":{"rendered":"<div class=\"image_description\">Abgasuntersuchung f\u00fcr Dieselmotoren: Nun wurde in M\u00fcnchen ein Mitarbeiter der VW-Tochter Audi festgenommen.<\/div>\n<p>Im VW-Dieselskandal wurde der Staatsanwaltschaft M\u00fcnchen zufolge ein Mitarbeiter der VW-Tochter Audi festgenommen. Gegen den ehemaligen Verantwortlichen f\u00fcr die Motorenentwicklung wurde auch in Amerika Anklage erhoben.<\/p>\n<p><!--more--><\/p>\n<p id=\"pageIndex_1\">In der Abgasaff\u00e4re bei Volkswagen gibt es eine erste Festnahme in Deutschland. Die Staatsanwaltschaft M\u00fcnchen II best\u00e4tigte am Freitag die Festnahme eines Audi-Mitarbeiters wegen des Verdachts des Betrugs und der unlauteren Werbung.<\/p>\n<p>Die namentlich nicht genannte Person wurde demnach schon am Montag von der Polizei festgesetzt und befindet sich seitdem in Untersuchungshaft. Der Haftbefehl sei nicht auf Bitte der amerikanischen Beh\u00f6rde erlassen worden, sondern fu\u00dfe auf eigenen Ermittlungen, betonten die Ermittler. Weder Audi noch VW wollten sich \u00e4u\u00dferen. Das Magazin \u201eSpiegel\u201c, das zuerst \u00fcber die Festnahme berichtet hatte, schrieb, es handle sich um Giovanni P. handeln, gegen den in den Vereinigten Staaten auch Anklage erhoben wurde.<\/p>\n<p>Giovanni P. war zwischen 2006 und 2015 in Amerika verantwortlich f\u00fcr die Systeme zur Abgaskontrolle bei Dieselmotoren von Audi. Die Staatsanwaltschaft wirft P. dem Bericht zufolge Betrug und unlautere Werbung vor. Wegen des gleichen Tatvorwurfs ermittelt die Beh\u00f6rde demnach gegen mehrere Manager.<\/p>\n<p>In den Vereinigten Staaten erhob die Justiz derweil Anklage gegen den 60-j\u00e4hrigen Italiener. Er sei an einer \u201eVerschw\u00f6rung\u201c zum Betrug der Beh\u00f6rden beteiligt gewesen, durch den die wahren Abgaswerte verschleiert werden sollten, teilte das amerikanische Justizministerium mit.<\/p>\n<p>Die ganze F.A.Z. jetzt auch im Web, mit zus\u00e4tzlichen Bildern, Videos, Grafiken. Hier geht\u2019s zum Test.<\/p>\n<p><span id=\"buttonlink\"><a href=\"http:\/\/www.faz.net\/aktuell\/wirtschaft\/thema\/volkswagen\">VW<\/a> hatte im September 2015 auf Druck der amerikanischen Beh\u00f6rden zugegeben, weltweit in rund elf Millionen Diesel-Fahrzeuge unterschiedlicher Marken des Konzerns eine illegale Software eingebaut zu haben. Das Programm reduziert den Aussto\u00df von sch\u00e4dlichen Stickoxiden bei standardisierten Tests.<\/p>\n<p><video id=\"fazVideo223078075_contentElement\"  style=\"display:none\"><\/p>\n<p >To view this video please enable JavaScript, and consider upgrading to a web browser that <a href=\"http:\/\/videojs.com\/html5-video-support\/\" target=\"_blank\">supports HTML5 video<\/a><\/p>\n<p><\/video><span  >Audi und BMW wollen Diesel-Autos nachr\u00fcsten<\/span><\/p>\n<div class=\"source\">Quelle: <a href=\"http:\/\/www.faz.net\/aktuell\/wirtschaft\/unternehmen\/vw-abgasskandal-audi-mitarbeiter-wurde-festgenommen-15095292.html\">http:\/\/www.faz.net\/aktuell\/wirtschaft\/unternehmen\/vw-abgasskandal-audi-mitarbeiter-wurde-festgenommen-15095292.html<\/a><\/div>\n","protected":false},"excerpt":{"rendered":"<p>Abgasuntersuchung f\u00fcr Dieselmotoren: Nun wurde in M\u00fcnchen ein Mitarbeiter der VW-Tochter Audi festgenommen. Im VW-Dieselskandal wurde der Staatsanwaltschaft M\u00fcnchen zufolge ein Mitarbeiter der VW-Tochter Audi festgenommen. Gegen den ehemaligen Verantwortlichen f\u00fcr die Motorenentwicklung wurde auch in Amerika Anklage erhoben.<\/p>\n","protected":false},"author":1,"featured_media":49802,"comment_status":"open","ping_status":"open","sticky":false,"template":"","format":"standard","meta":{"footnotes":""},"categories":[312,303],"tags":[971,1520,274],"class_list":["post-49801","post","type-post","status-publish","format-standard","has-post-thumbnail","hentry","category-unternehmen","category-wirtschaft","tag-audi","tag-staatsanwaltschaft","tag-usa"],"_links":{"self":[{"href":"https:\/\/de.newseurope.info\/index.php?rest_route=\/wp\/v2\/posts\/49801","targetHints":{"allow":["GET"]}}],"collection":[{"href":"https:\/\/de.newseurope.info\/index.php?rest_route=\/wp\/v2\/posts"}],"about":[{"href":"https:\/\/de.newseurope.info\/index.php?rest_route=\/wp\/v2\/types\/post"}],"author":[{"embeddable":true,"href":"https:\/\/de.newseurope.info\/index.php?rest_route=\/wp\/v2\/users\/1"}],"replies":[{"embeddable":true,"href":"https:\/\/de.newseurope.info\/index.php?rest_route=%2Fwp%2Fv2%2Fcomments&post=49801"}],"version-history":[{"count":0,"href":"https:\/\/de.newseurope.info\/index.php?rest_route=\/wp\/v2\/posts\/49801\/revisions"}],"wp:featuredmedia":[{"embeddable":true,"href":"https:\/\/de.newseurope.info\/index.php?rest_route=\/wp\/v2\/media\/49802"}],"wp:attachment":[{"href":"https:\/\/de.newseurope.info\/index.php?rest_route=%2Fwp%2Fv2%2Fmedia&parent=49801"}],"wp:term":[{"taxonomy":"category","embeddable":true,"href":"https:\/\/de.newseurope.info\/index.php?rest_route=%2Fwp%2Fv2%2Fcategories&post=49801"},{"taxonomy":"post_tag","embeddable":true,"href":"https:\/\/de.newseurope.info\/index.php?rest_route=%2Fwp%2Fv2%2Ftags&post=49801"}],"curies":[{"name":"wp","href":"https:\/\/api.w.org\/{rel}","templated":true}]}}