{"id":49111,"date":"2017-06-05T11:58:16","date_gmt":"2017-06-05T11:58:16","guid":{"rendered":"http:\/\/de.newseurope.info\/?p=49111"},"modified":"2017-06-05T11:58:16","modified_gmt":"2017-06-05T11:58:16","slug":"sagt-ihnen-chrissy-hat-euch-geschickt","status":"publish","type":"post","link":"https:\/\/de.newseurope.info\/?p=49111","title":{"rendered":"\u201eSagt ihnen, Chrissy hat euch geschickt\u201c"},"content":{"rendered":"<div class=\"image_description\">Polizisten legen am Montag Blumen in London nieder.<\/div>\n<p>London ist eine internationale Stadt, Menschen aus der ganzen Welt sa\u00dfen in den Kneipen, als die Terroristen zuschlugen. Die Eltern einer get\u00f6teten Kanadierin geben eine bewegende Erkl\u00e4rung ab.<\/p>\n<p><!--more--><\/p>\n<p id=\"pageIndex_1\">Zu den Unsitten nach Terroranschl\u00e4gen geh\u00f6rt es, dass Boulevardmedien Details \u00fcber Opfer ver\u00f6ffentlichen, ohne dass die Angeh\u00f6rigen dem zugestimmt haben. Manchmal gehen Familien aber selbst an die \u00d6ffentlichkeit, um ihre Trauer \u00fcber einen geliebten Menschen mit anderen zu teilen \u2013 oder die Aufmerksamkeit nicht komplett den T\u00e4tern zu \u00fcberlassen.<\/p>\n<p>So hat es die Familie von Christine Archibald gemacht. Die 32 Jahre alte Kanadierin wurde laut einer Mitteilung ihrer Angeh\u00f6rigen am Samstagabend in London von den Terroristen get\u00f6tet. Der britische \u201eGuardian\u201c zitierte aus dem Schreiben der trauernden Familie. Bevor ihre Tochter und Schwester in die Niederlande zu ihrem Verlobten gezogen sei, habe sie in einer Obdachlosenunterkunft gearbeitet, schrieb die Familie.<\/p>\n<p><span ><span  itemprop=\"image\" itemscope itemtype=\"http:\/\/schema.org\/ImageObject\"><a href=\"http:\/\/www.faz.net\/aktuell\/gesellschaft\/menschen\/familie-geht-an-oeffentlichkeit-die-botschaft-eines-opfers-von-london-15047571\/dieses-foto-von-christine-15047645.html\"            title=\"46816572\"><img data-src='http:\/\/media1.faz.net\/ppmedia\/aktuell\/458978830\/1.5047645\/article_teaser_marginal\/dieses-foto-von-christine.jpg' title='Dieses Foto von Christine Archibald hat ihre Familie zur Ver\u00f6ffentlichung freigegeben. Sie starb bei dem Terroranschlag in London am Samstag. ' data-process-retina='1' height='163' onload='processRetinaDerivate(this)-' alt='46816572' width='290' class='media' src='\/img\/leer.gif' \/>            <meta itemprop=\"url\" content=\"http:\/\/media1.faz.net\/ppmedia\/aktuell\/458978830\/1.5047645\/article_teaser_marginal\/dieses-foto-von-christine.jpg\" \/><meta itemprop=\"width\" content=\"290\" \/><meta itemprop=\"height\" content=\"163\" \/><\/a><span  itemprop=\"description\" style=\"font-weight: normal- top: -10px-\"title=\"Dieses Foto von Christine Archibald hat ihre Familie zur Ver\u00f6ffentlichung freigegeben. Sie starb bei dem Terroranschlag in London am Samstag. \">Dieses Foto von Christine Archibald hat ihre Familie zur Ver\u00f6ffentlichung freigegeben. Sie starb bei dem Terroranschlag in London am Samstag. <\/span><\/span><\/span><\/p>\n<p>\u201eSie hatte f\u00fcr jeden Menschen einen Platz in ihrem Herzen.\u201c Die Familie rief dazu auf, dem Vorbild von Christine Archibald zu folgen: \u201eBitte ehrt sie, in dem ihr eure Gemeinde zu einem besseren Ort macht. Engagiert Euch f\u00fcr Obdachlose und sagt ihnen, Chrissy hat euch geschickt.\u201c<\/p>\n<p>Wie viele andere Betroffene waren Christine Archibald und ihr Verlobter in London nur zu Besuch. Der Mann hatte Medienberichten zufolge dienstlich in der Stadt zu tun, das Paar soll \u00fcber die London Bridge spaziert sein, <a href=\"http:\/\/www.faz.net\/aktuell\/politik\/thema\/justin-trudeau\">Justin Trudeau<\/a>, Premierminister von Kanada, sprach allen betroffenen Familien sein Beileid aus und erg\u00e4nzte <a href=\"http:\/\/pm.gc.ca\/eng\/news\/2017\/06\/04\/statement-prime-minister-canada-terrorist-attack-london\">in einer Mitteilung am Sonntag<\/a>, er sei untr\u00f6stlich, dass auch eine Kanadierin unter den Toten sei.<\/p>\n<h2>Ein Franzose wurde get\u00f6tet<\/h2>\n<p>Gerade in dem Kneipenviertel in der N\u00e4he der London Bridge sind immer viele Touristen unterwegs, Menschen aus aller Welt arbeiten in den Bars. Franz\u00f6sische Medien berichteten, dass ein junger Franzose von den Terroristen erstochen worden sei, der w\u00e4hrend des Angriffs in einer der Kneipen gearbeitet habe. Das Au\u00dfenministerium in Paris best\u00e4tigte, dass ein Franzose get\u00f6tet wurde, ohne Angaben zu dessen Identit\u00e4t zu machen. Es werde aber noch ein weiterer Franzose vermisst, mehrere l\u00e4gen im Krankenhaus. Frankreichs Au\u00dfenminister Jean-Yves Le Drian will am Montag nach London reisen, um dort Angeh\u00f6rige der franz\u00f6sischen Opfer des Anschlags zu treffen, wie aus seinem Umfeld verlautete.<\/p>\n<p>Auch der Premierminister von Australien, Malcolm Turnbull, best\u00e4tigte, dass vier seiner Landsleute von dem Anschlag direkt betroffen seien. \u00dcber den Zustand von zwei Australiern sei man \u201eernsthaft besorgt\u201c. Er sagte <a href=\"http:\/\/http:\/\/www.telegraph.co.uk\/news\/0\/victims-london-terror-attack\/\">laut dem britischen \u201eTelegraph\u201c<\/a>: \u201eInsgesamt leben 130.000 Australier in Gro\u00df-Britannien. Und viele australische Besucher waren bei der Attacke in der N\u00e4he.\u201c Eine Australierin wurde Medienberichten zufolge mit einem Messer attackiert, als sie gerade ihre Schicht in einem Restaurant an der London Bridge beendet hatte und in einer Bar daneben ein Feierabendbier trank.<\/p>\n<p><video id=\"fazVideo100638834_contentElement\"  style=\"display:none\"><\/p>\n<p >To view this video please enable JavaScript, and consider upgrading to a web browser that <a href=\"http:\/\/videojs.com\/html5-video-support\/\" target=\"_blank\">supports HTML5 video<\/a><\/p>\n<p><\/video><span  >Weitere Festnahmen nach Anschlag in London<\/span><\/p>\n<p>Das Ausw\u00e4rtige Amt hatte am Sonntag in Berlin mitgeteilt, dass unter den Verletzten auch zwei Deutsche seien. BBC berichtete am Sonntag, dass ein schwerverletzter Neuseel\u00e4nder stundenlang operiert worden war. Von den etwa 50 Menschen, die beim Terroranschlag von London verletzt wurden, befanden sich am Montag 18 noch in kritischem Zustand. Mindestens sieben Menschen waren get\u00f6tet worden. Die drei Terroristen wurden von der Polizei erschossen.<\/p>\n<div class=\"source\">Quelle: <a href=\"http:\/\/www.faz.net\/aktuell\/gesellschaft\/menschen\/familie-geht-an-oeffentlichkeit-die-botschaft-eines-opfers-von-london-15047571.html\">http:\/\/www.faz.net\/aktuell\/gesellschaft\/menschen\/familie-geht-an-oeffentlichkeit-die-botschaft-eines-opfers-von-london-15047571.html<\/a><\/div>\n","protected":false},"excerpt":{"rendered":"<p>Polizisten legen am Montag Blumen in London nieder. London ist eine internationale Stadt, Menschen aus der ganzen Welt sa\u00dfen in den Kneipen, als die Terroristen zuschlugen. Die Eltern einer get\u00f6teten Kanadierin geben eine bewegende Erkl\u00e4rung ab.<\/p>\n","protected":false},"author":1,"featured_media":49112,"comment_status":"open","ping_status":"open","sticky":false,"template":"","format":"standard","meta":{"footnotes":""},"categories":[361,362],"tags":[1071,327],"class_list":["post-49111","post","type-post","status-publish","format-standard","has-post-thumbnail","hentry","category-gesellschaft","category-menschen","tag-guardian-media-group","tag-london"],"_links":{"self":[{"href":"https:\/\/de.newseurope.info\/index.php?rest_route=\/wp\/v2\/posts\/49111","targetHints":{"allow":["GET"]}}],"collection":[{"href":"https:\/\/de.newseurope.info\/index.php?rest_route=\/wp\/v2\/posts"}],"about":[{"href":"https:\/\/de.newseurope.info\/index.php?rest_route=\/wp\/v2\/types\/post"}],"author":[{"embeddable":true,"href":"https:\/\/de.newseurope.info\/index.php?rest_route=\/wp\/v2\/users\/1"}],"replies":[{"embeddable":true,"href":"https:\/\/de.newseurope.info\/index.php?rest_route=%2Fwp%2Fv2%2Fcomments&post=49111"}],"version-history":[{"count":0,"href":"https:\/\/de.newseurope.info\/index.php?rest_route=\/wp\/v2\/posts\/49111\/revisions"}],"wp:featuredmedia":[{"embeddable":true,"href":"https:\/\/de.newseurope.info\/index.php?rest_route=\/wp\/v2\/media\/49112"}],"wp:attachment":[{"href":"https:\/\/de.newseurope.info\/index.php?rest_route=%2Fwp%2Fv2%2Fmedia&parent=49111"}],"wp:term":[{"taxonomy":"category","embeddable":true,"href":"https:\/\/de.newseurope.info\/index.php?rest_route=%2Fwp%2Fv2%2Fcategories&post=49111"},{"taxonomy":"post_tag","embeddable":true,"href":"https:\/\/de.newseurope.info\/index.php?rest_route=%2Fwp%2Fv2%2Ftags&post=49111"}],"curies":[{"name":"wp","href":"https:\/\/api.w.org\/{rel}","templated":true}]}}