{"id":49053,"date":"2017-06-05T20:45:53","date_gmt":"2017-06-05T20:45:53","guid":{"rendered":"http:\/\/de.newseurope.info\/?p=49053"},"modified":"2017-06-05T20:45:53","modified_gmt":"2017-06-05T20:45:53","slug":"imame-verweigern-beerdigungszeremonie","status":"publish","type":"post","link":"https:\/\/de.newseurope.info\/?p=49053","title":{"rendered":"Imame verweigern Beerdigungszeremonie"},"content":{"rendered":"<div class=\"image_description\">Muslimisches Gedenken an die Opfer des Anschlages in London<\/div>\n<p>Mehr als 130 Imame riefen dazu auf, den mutma\u00dflichen Londoner Attent\u00e4tern die traditionelle Beerdigungszeremonie zu verweigern. Die Taten solcher Menschen seien nicht \u201emit den edlen Lehren des Islams zu vereinen.\u201c<\/p>\n<p><!--more--><\/p>\n<p id=\"pageIndex_1\">In einem beispiellosen Schritt wollen mehr als 130 Imame in Gro\u00dfbritannien den mutma\u00dflichen Attent\u00e4tern das muslimische Totengebet verweigern. \u201eSolche unvertretbaren Handlungen sind nicht mit den edlen Lehren des Islam zu vereinen\u201c, hie\u00df es in einer Stellungnahme am Montag. In diesem Kontext riefen sie auch andere religi\u00f6se Oberh\u00e4upter dazu auf, den Attent\u00e4tern die traditionelle Beerdigungszeremonie zu verwehren.<\/p>\n<p>Der Generalsekret\u00e4r des Dachverbands der Moscheegemeinden mit \u00fcber 500 Organisationen,  Wohlfahrtsgemeinschaften und Schulen, Harun Khan, schlie\u00dft sich der britischen Premierministerin <a href=\"http:\/\/www.faz.net\/aktuell\/politik\/thema\/theresa-may\">Theresa May<\/a> an und sagt: \u201eGenug ist genug, wir m\u00fcssen etwas dagegen tun.\u201c Der Weg in den Extremismus f\u00fchre oft an den Moscheen vorbei und bewege sich am Rand der Gesellschaft. <\/p>\n<h2>\u201eDas ist eine Perversion des Islams\u201c<\/h2>\n<p>\u201eDiese Ideologie benutzt den Islam, um ihre Gr\u00e4ueltaten zu rechtfertigen\u201c, f\u00fchrt Kahn weiter bei der britischen Zeitung \u201e<a href=\"https:\/\/www.theguardian.com\/uk-news\/2017\/jun\/05\/imams-refuse-funeral-prayers-to-indefensible-london-bridge-attackers\">The Guardian<\/a>\u201c aus. Der Moscheevorsitzende Muhammad Habibur spricht sogar von einer \u201ePerversion des Islams\u201c.<\/p>\n<p>Unter dem gemeinsamen Leitsatz \u201eone London, one community\u201c haben sowohl Muslime als auch Christen und Juden die Attacke an der London Bridge verurteilt. Die Vertreter der einzelnen Religionen riefen zur Einigkeit auf.<\/p>\n<p>Die Extremisten-Miliz \u201eIslamischer Staat\u201c (IS) reklamierte am Sonntagabend das Attentat in der Londoner Innenstadt f\u00fcr sich, bei dem sieben Menschen starben und rund 50 verletzt wurden. Bei dem Anschlag rasten drei Angreifer am Samstagabend auf der London Bridge mit einem Transporter in eine Menschenmenge und stachen dann im Ausgehviertel Borough Market wahllos mit Messern auf Menschen ein. Zeugen zufolge riefen sie: \u201eDas ist f\u00fcr Allah.\u201c<\/p>\n<p>Von den Verletzten befanden sich nach Polizeiangaben am Montagabend noch 18 in einem kritischen Zustand. Unter den Verletzten sind nach Angaben der Bundesregierung auch zwei Deutsche. Einer davon geh\u00f6re zu den Schwerverletzten.<\/p>\n<div class=\"source\">Quelle: <a href=\"http:\/\/www.faz.net\/aktuell\/politik\/ausland\/imame-verweigern-traditionelle-beerdigungszeremonie-fuer-londoner-attentaeter-15048425.html\">http:\/\/www.faz.net\/aktuell\/politik\/ausland\/imame-verweigern-traditionelle-beerdigungszeremonie-fuer-londoner-attentaeter-15048425.html<\/a><\/div>\n","protected":false},"excerpt":{"rendered":"<p>Muslimisches Gedenken an die Opfer des Anschlages in London Mehr als 130 Imame riefen dazu auf, den mutma\u00dflichen Londoner Attent\u00e4tern die traditionelle Beerdigungszeremonie zu verweigern. Die Taten solcher Menschen seien nicht \u201emit den edlen Lehren des Islams zu vereinen.\u201c<\/p>\n","protected":false},"author":1,"featured_media":49054,"comment_status":"open","ping_status":"open","sticky":false,"template":"","format":"standard","meta":{"footnotes":""},"categories":[35,21],"tags":[4598,4918,327,5619],"class_list":["post-49053","post","type-post","status-publish","format-standard","has-post-thumbnail","hentry","category-ausland","category-politik","tag-is","tag-islam","tag-london","tag-theresa-may"],"_links":{"self":[{"href":"https:\/\/de.newseurope.info\/index.php?rest_route=\/wp\/v2\/posts\/49053","targetHints":{"allow":["GET"]}}],"collection":[{"href":"https:\/\/de.newseurope.info\/index.php?rest_route=\/wp\/v2\/posts"}],"about":[{"href":"https:\/\/de.newseurope.info\/index.php?rest_route=\/wp\/v2\/types\/post"}],"author":[{"embeddable":true,"href":"https:\/\/de.newseurope.info\/index.php?rest_route=\/wp\/v2\/users\/1"}],"replies":[{"embeddable":true,"href":"https:\/\/de.newseurope.info\/index.php?rest_route=%2Fwp%2Fv2%2Fcomments&post=49053"}],"version-history":[{"count":0,"href":"https:\/\/de.newseurope.info\/index.php?rest_route=\/wp\/v2\/posts\/49053\/revisions"}],"wp:featuredmedia":[{"embeddable":true,"href":"https:\/\/de.newseurope.info\/index.php?rest_route=\/wp\/v2\/media\/49054"}],"wp:attachment":[{"href":"https:\/\/de.newseurope.info\/index.php?rest_route=%2Fwp%2Fv2%2Fmedia&parent=49053"}],"wp:term":[{"taxonomy":"category","embeddable":true,"href":"https:\/\/de.newseurope.info\/index.php?rest_route=%2Fwp%2Fv2%2Fcategories&post=49053"},{"taxonomy":"post_tag","embeddable":true,"href":"https:\/\/de.newseurope.info\/index.php?rest_route=%2Fwp%2Fv2%2Ftags&post=49053"}],"curies":[{"name":"wp","href":"https:\/\/api.w.org\/{rel}","templated":true}]}}