{"id":47652,"date":"2017-03-11T07:17:00","date_gmt":"2017-03-11T07:17:00","guid":{"rendered":"http:\/\/de.newseurope.info\/?p=47652"},"modified":"2017-03-11T07:17:00","modified_gmt":"2017-03-11T07:17:00","slug":"countdown-zum-umstieg-auf-dvb-t2","status":"publish","type":"post","link":"https:\/\/de.newseurope.info\/?p=47652","title":{"rendered":"Countdown zum Umstieg auf DVB-T2"},"content":{"rendered":"<div class=\"image_description\">Am 29. M\u00e4rz kommt die Umstellung.<\/div>\n<p>Am 29. M\u00e4rz wechselt das Antennenfernsehen die Technik. Wie findet man passende Empfangsger\u00e4te, was braucht man \u00fcberhaupt? Wir haben ein paar Ratschl\u00e4ge f\u00fcr Sie.<\/p>\n<p><!--more--><\/p>\n<p>Schreck lass nach: \u201eMillionen TV-Haushalten droht schwarzer Bildschirm\u201c, mahnt der Bundesverband Technik des Einzelhandels in seiner j\u00fcngsten Pressemeldung. Ein vorgezogener Aprilscherz? Zun\u00e4chst eine Teilentwarnung: Ver\u00e4nderungen stehen nur f\u00fcr das Antennenfernsehen DVB-T ins Haus. Wer seine TV-Programme via Kabel, Satellit oder Internet bezieht, kann unverdrossen und ohne Handlungsbedarf weiter gucken wie bisher. Wer gar nicht so genau wei\u00df, \u00fcber welche Infrastruktur die bewegten Bilder eigentlich auf den Schirm kommen, geht im Teletext des Ersten oder von <a href=\"http:\/\/www.faz.net\/aktuell\/feuilleton\/thema\/rtl\">RTL<\/a> einfach auf die Seite 199: Sie kl\u00e4rt dar\u00fcber auf, ob die TV-Signale \u00fcber die Antenne vom Funkturm kommen oder aus irgendeiner anderen Quelle.<\/p>\n<p>F\u00fcr Antennen-Gucker wird es jetzt tats\u00e4chlich h\u00f6chste Zeit, Vorkehrungen zu treffen, denn am 29. M\u00e4rz quittiert DVB-T in vielen Regionen Deutschlands den Dienst, allerdings nicht ersatzlos. Dem betagten \u00dcbertragungssystem folgt eine modernere Variante, DVB-T2 HD genannt. Sie bringt bis zu 40 Programme ausschlie\u00dflich in HDTV-Qualit\u00e4t auf die Mattscheibe, verwendet dazu allerdings eine neue Technik, die passende Empfangsger\u00e4te voraussetzt. Was man f\u00fcr das runderneuerte Antennenfernsehen braucht, haben wir in \u201eTechnik und Motor\u201c schon vor vier Monaten er\u00f6rtert. Inzwischen aber gibt es neue Fakten \u2014 und damit Anlass genug f\u00fcr ein Update.<\/p>\n<h2>Mit einer passenden Settop-Box aufr\u00fcsten<\/h2>\n<p>So hatten wir noch im November 2016 festgestellt: Es gibt zwar schon Fernseher mit eingebauter Empfangselektronik f\u00fcr DVB-T2 HD, aber fast ausschlie\u00dflich gro\u00dfe, wohnzimmertaugliche Kaliber mit Ultra-HD-Bildschirmen. Zum Gl\u00fcck stimmt das so nicht mehr. Schlie\u00dflich ist DVB-T2 HD ja insbesondere f\u00fcr kleinere Zweitger\u00e4te interessant. Wer will schon vom Schlafzimmer aus ein Antennenkabel zur Sat-Sch\u00fcssel oder zur Kabeldose verlegen? Inzwischen also sind viele einfache Full-HD-Fernseher, sogar solche mit k\u00fcchengerechten 32-Zoll-Bildschirmen (Diagonale 81 Zentimeter) fit f\u00fcr den DVB-T2-HD-Empfang.<\/p>\n<p>Woran erkennt man sie? Die Antwort ist nicht ganz trivial. Denn das neue Antennenfernsehen stellt zwei Anforderungen: Die Ger\u00e4te m\u00fcssen mit dem effizienteren \u00dcbertragungsstandard DVB-T2 zurechtkommen, und sie m\u00fcssen dar\u00fcber hinaus in der Lage sein, die ebenfalls enorm effiziente Videokodierung H.265, auch HEVC genannt, zu verarbeiten. Dar\u00fcber aber geben die Kurzbeschreibungen im Mediensupermarkt nicht immer glasklar Auskunft. Ein gr\u00fcnes Logo mit dem Schriftzug DVB-T2 HD soll sie identifizieren, doch nicht an allen geeigneten Ger\u00e4ten ist das Etikett auch wirklich zu sehen. Finale Klarheit schafft eine Ger\u00e4teliste auf der Website der deutschen TV-Plattform (<a href=\"http:\/\/www.tv-plattform.de\/de\/dvb-t2-hd-geraeteliste\">http:\/\/www.tv-plattform.de\/de\/dvb-t2-hd-geraeteliste<\/a>). Sie ist jetzt, anders als noch im vergangenen Herbst, umfassend und mit ihren Auswahlfiltern obendrein komfortabel. Wer mag, kann sich das Werk auch als PDF-Datei auf den Rechner laden und ausdrucken \u2014 als R\u00fcckversicherung beim Ger\u00e4tekauf.<\/p>\n<div class=\"source\">Quelle: <a href=\"http:\/\/www.faz.net\/aktuell\/technik-motor\/audio-video\/dvb-t-wird-dvb-t2-hd-wie-funktioniert-der-umstieg-14910534.html\">http:\/\/www.faz.net\/aktuell\/technik-motor\/audio-video\/dvb-t-wird-dvb-t2-hd-wie-funktioniert-der-umstieg-14910534.html<\/a><\/div>\n","protected":false},"excerpt":{"rendered":"<p>Am 29. M\u00e4rz kommt die Umstellung. Am 29. M\u00e4rz wechselt das Antennenfernsehen die Technik. Wie findet man passende Empfangsger\u00e4te, was braucht man \u00fcberhaupt? Wir haben ein paar Ratschl\u00e4ge f\u00fcr Sie.<\/p>\n","protected":false},"author":1,"featured_media":47653,"comment_status":"open","ping_status":"open","sticky":false,"template":"","format":"standard","meta":{"footnotes":""},"categories":[486,454],"tags":[6297,2839,827],"class_list":["post-47652","post","type-post","status-publish","format-standard","has-post-thumbnail","hentry","category-audio-video","category-technik-motor","tag-dvb-t","tag-freenet","tag-rtl"],"_links":{"self":[{"href":"https:\/\/de.newseurope.info\/index.php?rest_route=\/wp\/v2\/posts\/47652","targetHints":{"allow":["GET"]}}],"collection":[{"href":"https:\/\/de.newseurope.info\/index.php?rest_route=\/wp\/v2\/posts"}],"about":[{"href":"https:\/\/de.newseurope.info\/index.php?rest_route=\/wp\/v2\/types\/post"}],"author":[{"embeddable":true,"href":"https:\/\/de.newseurope.info\/index.php?rest_route=\/wp\/v2\/users\/1"}],"replies":[{"embeddable":true,"href":"https:\/\/de.newseurope.info\/index.php?rest_route=%2Fwp%2Fv2%2Fcomments&post=47652"}],"version-history":[{"count":0,"href":"https:\/\/de.newseurope.info\/index.php?rest_route=\/wp\/v2\/posts\/47652\/revisions"}],"wp:featuredmedia":[{"embeddable":true,"href":"https:\/\/de.newseurope.info\/index.php?rest_route=\/wp\/v2\/media\/47653"}],"wp:attachment":[{"href":"https:\/\/de.newseurope.info\/index.php?rest_route=%2Fwp%2Fv2%2Fmedia&parent=47652"}],"wp:term":[{"taxonomy":"category","embeddable":true,"href":"https:\/\/de.newseurope.info\/index.php?rest_route=%2Fwp%2Fv2%2Fcategories&post=47652"},{"taxonomy":"post_tag","embeddable":true,"href":"https:\/\/de.newseurope.info\/index.php?rest_route=%2Fwp%2Fv2%2Ftags&post=47652"}],"curies":[{"name":"wp","href":"https:\/\/api.w.org\/{rel}","templated":true}]}}