{"id":45752,"date":"2017-01-14T07:35:00","date_gmt":"2017-01-14T07:35:00","guid":{"rendered":"http:\/\/de.newseurope.info\/?p=45752"},"modified":"2017-01-14T07:35:00","modified_gmt":"2017-01-14T07:35:00","slug":"keine-schwere-entscheidung","status":"publish","type":"post","link":"https:\/\/de.newseurope.info\/?p=45752","title":{"rendered":"(K)eine schwere Entscheidung"},"content":{"rendered":"<div class=\"image_description\">Die Flaggschiffe Fujifilm X-T2 und Olympus OM-D EM-1 Mark II<\/div>\n<p>Zwei Kameras mit hohem Anspruch, aber ohne Vollformatsensor und Spiegel: Die Flaggschiffe Olympus OM-D EM-1 Mark II und Fujifilm X-T2 treten gegeneinander an.<\/p>\n<p><!--more--><\/p>\n<p>Wenn konkurrierende Flaggschiffe einander begegnen, dann hat dies ja oft nichts Gutes zu bedeuten gehabt. Das war nicht nur bei Trafalgar so. Wenn die Olympus OM-D EM-1 Mark II und die <a href=\"http:\/\/www.faz.net\/aktuell\/technik-motor\/thema\/fujifilm\">Fujifilm<\/a> X-T2 gemeinsam, sagen wir im Fotoclub, auf dem Tisch stehen, kann es auch zu Auseinandersetzungen kommen. Dass jemand im Fotogesch\u00e4ft vor beide Kameras gef\u00fchrt wird, mag wohl passieren, aber nur, wenn dieser Jemand den ersten Schritt gleich zu einer erstklassigen spiegellosen Systemkamera tut. Hat er sich bereits f\u00fcr das eine oder das andere System entschieden, f\u00fcr den Four-Thirds Sensor und das MFT-Bajonett bei Olympus oder f\u00fcr den Sensor im APS-C-Format und die Fujinon-Objektive mit dem X-Bajonett, bekommt er nur das eine f\u00fcr ihn passende Spitzenmodell gezeigt.<\/p>\n<p>Die beiden robusten, wetterfest gedichteten schwarzen Kameras, die aussehen, wie eine Spiegelreflex einstmals aussah, die aber keine DSLRs sind, sondern unter ihrem Prismengiebel einen elektronischen Sucher mit 2,36 Millionen Bildpunkten beherbergen, \u00e4hneln sich \u00e4u\u00dferlich stark. Mit ihren Drehr\u00e4dern oben auf dem Geh\u00e4use, den rund um dies herum verteilten Tasten und Kn\u00f6pfchen und mit mehreren Einstellr\u00e4dern signalisieren sie bereits optisch eine wie die andere: Wir haben es hier zu tun mit einer durch viele Funktionen und durch noch mehr M\u00f6glichkeiten, sich diese pers\u00f6nlich hinzustricken, \u00e4u\u00dferst komplexen Kamera f\u00fcr jemand mit mindestens semiprofessionellen, wenn nicht noch h\u00f6heren Anspr\u00fcchen.<\/p>\n<p>Aber schon ein fl\u00fcchtiger Blick darauf, was an dem einen oder dem anderen Spitzenmodell womit und wie bedient wird, l\u00e4sst ahnen, dass die <a href=\"http:\/\/www.faz.net\/aktuell\/technik-motor\/thema\/fuji\">Fuji<\/a> und die Olympus innerlich ziemlich verschieden sind. Und das d\u00fcrfte unter den Aficionados f\u00fcr so manche Diskussion mit ausreichendem Z\u00fcndstoff sorgen. Egal, f\u00fcr welche von beiden sich jemand entscheidet &#8211; billig wird das nicht: 1700 Euro kostet die Fuji, Olympus verlangt rund 2000 Euro, und das gilt jeweils nur f\u00fcr das nackte Geh\u00e4use.<\/p>\n<h2>Tiefes Dunkel und greller Lichterschein<\/h2>\n<p>Ausprobiert wurden beide Kameras mit besonders lichtstarken und erstklassigen Objektiven: Bei der EM-1 Mk. II war es das M.Zuiko Digital 1:1,2\/25 mm aus der Pro Serie, also ein lediglich wegen seines dem menschlichen Auge in etwa entsprechenden Bildwinkels so genanntes Normalobjektiv mit 50 mm Kleinbild\u00e4quivalent. Es wurde das \u201eWeihnachtsmarkt-Objektiv\u201c getauft, weil es die dort herrschenden Bedingungen &#8211; tiefes Dunkel und greller Lichterschein &#8211; bravour\u00f6s meisterte. Ins X-Bajonett wurde ein Fujinon XF 1:1,2\/56 mm R geschraubt. Dieses \u201ePortr\u00e4t-Tele\u201c mit 84 mm Kleinbildbrennweite hat vor allem bei offener Blende eine beinahe schmerzhaft geringe Tiefensch\u00e4rfe, trennt aber auch noch bei Abblendung das Portr\u00e4tmotiv sehr effektvoll vom Hintergrund. Bei dem Fujinon l\u00e4sst sich auf allerh\u00f6chstem Niveau m\u00e4keln: Es hat einen Blendenring, kameraseitig dahinter aber keine vern\u00fcnftige Grifffl\u00e4che zum Verriegeln des Objektivs in der Kamera. So etwas kommt &#8211; bei anderen Objektiven als dem 1,2\/25 mm &#8211; aber auch bei Olympus vor.<\/p>\n<p>Um beide Kameras, Ausstattungsdetail f\u00fcr Ausstattungsdetail, komplett abzuhandeln, w\u00fcrde der Platz hier nicht ausreichen. Zahlen f\u00fcr den, der 24 Megapixel (Fuji) per se f\u00fcr besser h\u00e4lt als 20 (Olympus), findet man im Internet genug. Doch obwohl gerade erst auf den Markt gekommen, f\u00fchlen sich beide Kameras unterschiedlich aktuell an &#8211; mit \u00dcberraschungen. Mit ihrem roten Videoknopf an einer allerdings diskussionsw\u00fcrdigen Stelle und ihren bildbearbeitenden Artfiltern wirkt die Olympus auf schwer bestimmbare Weise moderner, um nicht zu sagen j\u00fcnger als die Fuji. Das dauert allerdings nur so lange, bis man an der die USB3-Schnittstelle entdeckt hat. Sie ist die Fotografen-Kamera, ohne allen Schnickschnack, aber nat\u00fcrlich auch mit voller Vernetzbarkeit. Vom neu gestalteten, aber schn\u00f6rkellos gebliebenen Men\u00fc der Fuji bis zum eigentlich blo\u00df stylishen, den OM-Liebhaber aber doch freuenden Hauptschalter der Olympus hat jede der beiden ihre Meriten, wohlgemerkt: immer in der ersten Liga.<\/p>\n<p>Wer besonders hohe Geschwindigkeit braucht, ob f\u00fcr die Tier- oder die Sportfotografie, einen blitzschnellen Autofokus und eine stupend hohe Serienbildrate, findet sein Werkzeug in der Olympus OM-D EM-1 Mk.II. Wem es auf noch einen Ticken bessere Bildqualit\u00e4t ankommt und wer ganz Fotograf ist (also nicht alle paar Augenblicke zum Videofilmer mutiert), wird mit der Fujifilm XT-2, die allerdings auch 4k-Video kann, gl\u00fccklich. Das gilt auch f\u00fcr den Old-School-Typ, der gern mit Blendenring und Zeitenrad die Belichtungssteuerung und mit ihr die Bildgestaltung in der Hand haben m\u00f6chte.<\/p>\n<p>Fazit: Wer seine System-Entscheidung l\u00e4ngst getroffen hat, deshalb auch bereits das eine oder andere Objektiv dazu besitzt, wird keinen Moment lang zweifeln, mit welcher der beiden Kameras er sich das Beste des Verf\u00fcgbaren f\u00fcr sein System leistet. Hin und her gerissen wird zwangsl\u00e4ufig der sein, f\u00fcr den der Erwerb einer dieser beiden Spitzen-Kameras zugleich der Einstieg ins jeweilige System ist. Den Zweifelnden kann hier die s\u00fc\u00dfe Qual der Wahl nicht erspart werden, aber sie sollen doch Trost erfahren: Ganz und gar verkehrt kann man nichts machen, weder mit der einen noch mit der anderen Kamera.<\/p>\n<div class=\"source\">Quelle: <a href=\"http:\/\/www.faz.net\/aktuell\/technik-motor\/audio-video\/kameras-von-fuji-und-olympus-k-eine-schwere-entscheidung-14610501.html\">http:\/\/www.faz.net\/aktuell\/technik-motor\/audio-video\/kameras-von-fuji-und-olympus-k-eine-schwere-entscheidung-14610501.html<\/a><\/div>\n","protected":false},"excerpt":{"rendered":"<p>Die Flaggschiffe Fujifilm X-T2 und Olympus OM-D EM-1 Mark II Zwei Kameras mit hohem Anspruch, aber ohne Vollformatsensor und Spiegel: Die Flaggschiffe Olympus OM-D EM-1 Mark II und Fujifilm X-T2 treten gegeneinander an.<\/p>\n","protected":false},"author":1,"featured_media":45753,"comment_status":"open","ping_status":"open","sticky":false,"template":"","format":"standard","meta":{"footnotes":""},"categories":[486,454],"tags":[1034,1373],"class_list":["post-45752","post","type-post","status-publish","format-standard","has-post-thumbnail","hentry","category-audio-video","category-technik-motor","tag-fuji","tag-fujifilm"],"_links":{"self":[{"href":"https:\/\/de.newseurope.info\/index.php?rest_route=\/wp\/v2\/posts\/45752","targetHints":{"allow":["GET"]}}],"collection":[{"href":"https:\/\/de.newseurope.info\/index.php?rest_route=\/wp\/v2\/posts"}],"about":[{"href":"https:\/\/de.newseurope.info\/index.php?rest_route=\/wp\/v2\/types\/post"}],"author":[{"embeddable":true,"href":"https:\/\/de.newseurope.info\/index.php?rest_route=\/wp\/v2\/users\/1"}],"replies":[{"embeddable":true,"href":"https:\/\/de.newseurope.info\/index.php?rest_route=%2Fwp%2Fv2%2Fcomments&post=45752"}],"version-history":[{"count":0,"href":"https:\/\/de.newseurope.info\/index.php?rest_route=\/wp\/v2\/posts\/45752\/revisions"}],"wp:featuredmedia":[{"embeddable":true,"href":"https:\/\/de.newseurope.info\/index.php?rest_route=\/wp\/v2\/media\/45753"}],"wp:attachment":[{"href":"https:\/\/de.newseurope.info\/index.php?rest_route=%2Fwp%2Fv2%2Fmedia&parent=45752"}],"wp:term":[{"taxonomy":"category","embeddable":true,"href":"https:\/\/de.newseurope.info\/index.php?rest_route=%2Fwp%2Fv2%2Fcategories&post=45752"},{"taxonomy":"post_tag","embeddable":true,"href":"https:\/\/de.newseurope.info\/index.php?rest_route=%2Fwp%2Fv2%2Ftags&post=45752"}],"curies":[{"name":"wp","href":"https:\/\/api.w.org\/{rel}","templated":true}]}}