{"id":44060,"date":"2016-09-26T08:38:26","date_gmt":"2016-09-26T08:38:26","guid":{"rendered":"http:\/\/de.newseurope.info\/?p=44060"},"modified":"2016-09-26T08:38:26","modified_gmt":"2016-09-26T08:38:26","slug":"die-ganz-grose-ranschmeise","status":"publish","type":"post","link":"https:\/\/de.newseurope.info\/?p=44060","title":{"rendered":"Die ganz gro\u00dfe Ranschmei\u00dfe"},"content":{"rendered":"<div class=\"image_description\">Die neue Drohne Karma von GoPro mit der gleichfalls neuen Kamera Hero5 Black (zusammen 1200 Euro).<\/div>\n<p>Muss man sich f\u00fcrs Bildermachen noch besonders ausr\u00fcsten? Tut\u2019s das Smartphone etwa nicht? So reagiert die Branche auf die im steten Sinkflug begriffenen Verkaufszahlen von Kameras f\u00fcr den Massenmarkt.<\/p>\n<p><!--more--><\/p>\n<p>Alles war angeblich ganz neu auf dieser Photokina 2016, aber ganz viel auf ihr ist auch wie immer, wie vor zwei, vier oder auch schon vor sechs Jahren. Riesengro\u00dfe Messen haben eben \u2013 wie erfolgsverw\u00f6hnte Industrien \u2013 einen riesengro\u00dfen Wendekreis. Aber auch wer nicht der Illusion erliegt, ein solches Weltereignis wie das in K\u00f6ln werde nur inszeniert, um ein paar neue Kameras zu pr\u00e4sentieren, konnte dort aus dem allm\u00e4hlichen Wandel Erkenntnisgewinn ziehen.<\/p>\n<p>Dass sich die Fotobranche \u00e4ndern und mit der Zeit gehen m\u00fcsse, das haben ihr deutscher Industrieverband, einzelne Hersteller und die Messe schon vorher wiederholt plakativ verk\u00fcndet. Der Grund daf\u00fcr l\u00e4uft \u00fcberall auf der Photokina herum: Jede und jeder h\u00e4lt sein Smartphone hoch. Das macht Bilder, stehend und bewegt, in immer besserer Qualit\u00e4t und mit Funktionen wie nachtr\u00e4glicher Fokussierung, die bis vor kurzem ausschlie\u00dflich Digitalkameras vorbehalten waren.<\/p>\n<p><span  itemprop=\"image\" itemscope itemtype=\"http:\/\/schema.org\/ImageObject\"><span ><a href=\"http:\/\/www.faz.net\/aktuell\/technik-motor\/audio-video\/photokina-2016-das-sind-die-neuheiten-und-trends-14451598\/gute-zusammenarbeit-leica-und-14451886.html\" title=\"42534015\"><img title='42534015' height='163' alt='42534015' width='290' class='media' src='http:\/\/media0.faz.net\/ppmedia\/2264733978\/1.4451886\/article_teaser_marginal\/gute-zusammenarbeit-leica-und.jpg' \/>            <meta itemprop=\"url\" content=\"http:\/\/media0.faz.net\/ppmedia\/2264733978\/1.4451886\/article_teaser_marginal\/gute-zusammenarbeit-leica-und.jpg\" \/><meta itemprop=\"width\" content=\"290\" \/><meta itemprop=\"height\" content=\"163\" \/><\/a><span ><span  itemprop=\"description\"title=\"Gute Zusammenarbeit: Leica und Fujifilm mit der Leica Sofort\">Gute Zusammenarbeit: Leica und Fujifilm mit der Leica Sofort<\/span><a href=\"http:\/\/www.faz.net\/aktuell\/technik-motor\/audio-video\/photokina-2016-das-sind-die-neuheiten-und-trends-14451598\/gute-zusammenarbeit-leica-und-14451886.html\"onclick=\"openArticleTab('images', 1, 'article')-return false-\"><span >Bilderstrecke<span > <\/span><\/span><\/a><\/span><\/span><\/span><\/p>\n<p>Niemals zuvor wurden der Schrecken wie die Sch\u00f6nheit und die Banalit\u00e4ten des allt\u00e4glichen Lebens so h\u00e4ufig abgebildet wie heute &#8211; ob Tsunami, Terroranschlag oder nur ein fetter Burger. Kein Bild ist schneller gemacht (und rund um die Welt verbreitet) als ein Smartphone-Bild. Nun ist eine j\u00fcngere Generation da, die eine Nur-Kamera einfach nicht mehr braucht. Von ihnen hat schlie\u00dflich jede und jeder \u2013 \u00fcberwiegend nicht nur eine, sondern mindestens zwei \u2013 Kameras bei sich, wo immer diese Generation liegt, geht, isst oder steht. Die Photokina 2016 war die Arena, um zu zeigen, wie die Branche auf diese Bedrohung durch die seit 2008, dem Jahr eins nach dem ersten iPhone, im steten Sinkflug begriffenen Verkaufszahlen von Kameras f\u00fcr den Massenmarkt reagiert.<\/p>\n<h2>Offene Wege f\u00fcr Nikon<\/h2>\n<p>Da w\u00e4re etwa der seit mehr als einem halben Jahrhundert h\u00f6chst renommierte japanische Spiegel-Reflex-Hersteller Nikon, der theoretisch zwei Wege offen h\u00e4tte: Er k\u00f6nnte ganz auf teure und superteure Ausr\u00fcstung f\u00fcr den kleinen Markt der Profis und der Profi sein wollenden Hobby-Fotografen setzen. Dort ist aber erstens die Luft d\u00fcnn, und au\u00dferdem tummeln sich da schon etliche Konkurrenten, die ihre in den analogen Jahren redlich erworbene Reputation zurzeit mit kr\u00e4ftigem Preisaufschlag ausm\u00fcnzen wollen. Also Plan B: Nikon wird, und das wurde als \u201eexciting\u201c und \u00dcberraschung f\u00fcr K\u00f6ln angek\u00fcndigt, im November nun mit gleich drei Actionkameras herauskommen, ein f\u00fcr das Unternehmen neues Gesch\u00e4ftsfeld. Neu sind au\u00dfer der bereits zuvor angek\u00fcndigten Key Mission 360 die Modelle Key Mission 170 und 80. Die Zahlen geben jeweils den Bildwinkel an, die Preise liegen zwischen rund 500 und 300 Euro. Die KeyMission 80 bringt als preisg\u00fcnstigstes Modell sogar zwei Objektive mit: au\u00dfer der 12-Megapixel-Hauptkamera um 90 Grad versetzt eine 5-Megapixel-Kamera, nat\u00fcrlich f\u00fcr Selfies.<\/p>\n<p>Action, das ist eins der Zauberw\u00f6rter, mit denen die Photokina 2016 geradezu krampfhaft versucht, es einem jungen Publikum recht zu machen. Statt der Greifv\u00f6gel auf dem Freigel\u00e4nde wie in der Vergangenheit schwirrten \u00fcber den Besuchern dieses Jahr mehr Drohnen denn je. Sie sind unter dem Titel Copter World zu einem Schwerpunktthema erkl\u00e4rt worden \u2013 mit Profis als Show-Piloten und f\u00fcr die Besucher mit der M\u00f6glichkeit zu Testfl\u00fcgen. Actionkamera-Platzhirsch GoPro kommt im Oktober mit einer eigenen, der faltbaren Drohne Karma (knapp 900 Euro ohne Kamera). Die stabilisierende Aufh\u00e4ngung der Kamera l\u00e4sst sich abnehmen und auf einem mitgelieferten Handgriff nutzen. Gesteuert wird Karma auf dem Touchsceen eines eigenen Controllers. Neu sind die Kamera-Modelle Hero5 Black und die abgespeckte Hero5 Session. Die ist ohne Geh\u00e4use bis zehn Meter wasserdicht, beide Kameras haben Sprachsteuerung. Ob das beim Schnorcheln klappt?<\/p>\n<h2>Billigste Leica, die es je gab<\/h2>\n<p>Ebenfalls auf junge Leute zielt die wohl billigste Leica, die es je gab. Man muss aber nicht einmal in die technischen Daten der Leica Sofort gucken, die im November f\u00fcr schlappe 280 Euro kommen soll, sondern nur auf ihr Gesicht, um sogleich zu erkennen, dass es sich um ein Derivat der Fujifilm Instax Mini mit begradigten Geh\u00e4usekanten handelt. Verglichen mit dem Preis des Originals, verlangen die Wetzlarer rund das Dreifache. Wie die Japaner es l\u00e4ngst erfolgreich tun, setzt auch Leica beim Zubeh\u00f6r auf allerlei Schnickschnack, zum Beispiel auf das gute alte Fotoalbum. Die Sofort kommt in Wei\u00df, Orange und Mint.<\/p>\n<div class=\"source\">Quelle: <a href=\"http:\/\/www.faz.net\/aktuell\/technik-motor\/audio-video\/photokina-2016-das-sind-die-neuheiten-und-trends-14451598.html\">http:\/\/www.faz.net\/aktuell\/technik-motor\/audio-video\/photokina-2016-das-sind-die-neuheiten-und-trends-14451598.html<\/a><\/div>\n","protected":false},"excerpt":{"rendered":"<p>Die neue Drohne Karma von GoPro mit der gleichfalls neuen Kamera Hero5 Black (zusammen 1200 Euro). Muss man sich f\u00fcrs Bildermachen noch besonders ausr\u00fcsten? Tut\u2019s das Smartphone etwa nicht? So reagiert die Branche auf die im steten Sinkflug begriffenen Verkaufszahlen von Kameras f\u00fcr den Massenmarkt.<\/p>\n","protected":false},"author":1,"featured_media":44061,"comment_status":"open","ping_status":"open","sticky":false,"template":"","format":"standard","meta":{"footnotes":""},"categories":[486,454],"tags":[1373,889,877,1374,1390,4458,507,2971],"class_list":["post-44060","post","type-post","status-publish","format-standard","has-post-thumbnail","hentry","category-audio-video","category-technik-motor","tag-fujifilm","tag-iphone","tag-koln","tag-leica","tag-nikon","tag-photokina","tag-sony","tag-tsunami"],"_links":{"self":[{"href":"https:\/\/de.newseurope.info\/index.php?rest_route=\/wp\/v2\/posts\/44060","targetHints":{"allow":["GET"]}}],"collection":[{"href":"https:\/\/de.newseurope.info\/index.php?rest_route=\/wp\/v2\/posts"}],"about":[{"href":"https:\/\/de.newseurope.info\/index.php?rest_route=\/wp\/v2\/types\/post"}],"author":[{"embeddable":true,"href":"https:\/\/de.newseurope.info\/index.php?rest_route=\/wp\/v2\/users\/1"}],"replies":[{"embeddable":true,"href":"https:\/\/de.newseurope.info\/index.php?rest_route=%2Fwp%2Fv2%2Fcomments&post=44060"}],"version-history":[{"count":0,"href":"https:\/\/de.newseurope.info\/index.php?rest_route=\/wp\/v2\/posts\/44060\/revisions"}],"wp:featuredmedia":[{"embeddable":true,"href":"https:\/\/de.newseurope.info\/index.php?rest_route=\/wp\/v2\/media\/44061"}],"wp:attachment":[{"href":"https:\/\/de.newseurope.info\/index.php?rest_route=%2Fwp%2Fv2%2Fmedia&parent=44060"}],"wp:term":[{"taxonomy":"category","embeddable":true,"href":"https:\/\/de.newseurope.info\/index.php?rest_route=%2Fwp%2Fv2%2Fcategories&post=44060"},{"taxonomy":"post_tag","embeddable":true,"href":"https:\/\/de.newseurope.info\/index.php?rest_route=%2Fwp%2Fv2%2Ftags&post=44060"}],"curies":[{"name":"wp","href":"https:\/\/api.w.org\/{rel}","templated":true}]}}