{"id":39394,"date":"2015-11-28T07:42:00","date_gmt":"2015-11-28T07:42:00","guid":{"rendered":"http:\/\/de.newseurope.info\/?p=39394"},"modified":"2015-11-28T07:42:00","modified_gmt":"2015-11-28T07:42:00","slug":"mobiler-kopfhorerverstarker-high-end-fur-die-hosentasche","status":"publish","type":"post","link":"https:\/\/de.newseurope.info\/?p=39394","title":{"rendered":"Mobiler Kopfh\u00f6rerverst\u00e4rker: High-End f\u00fcr die Hosentasche"},"content":{"rendered":"<p>Viele HiFi-Kopfh\u00f6rer t\u00f6nen an Mobilger\u00e4ten viel zu leise. Dann helfen Kopfh\u00f6rerverst\u00e4rker \u2013 am besten gleich mit Digital-Analog-Wandler. Der \u201eMojo\u201c von Chord ist so ein feines Hilfsmittel.<\/p>\n<p><!--more--><\/p>\n<p>Mojo, sagt der Hersteller, ist die Abkurzung fur \u201eMobile Joy\u201c, und das beschreibt auch schon den Sinn und Zweck der jungsten und kleinsten Komponente aus der britischen High-End-Manufaktur Chord. Sie ist kleiner als ein Zigarettenp\u00e4ckchen, aber, dank eines mattschwarzen Aluminiumgeh\u00e4uses, erheblich stabiler. Im Inneren steckt eine Kombination aus Digital-Analogwandler und Kopfhorer-Verst\u00e4rker- Mojos Mission ist also, Musik aus Smartphones oder Tablets digital abzugreifen und mit kraftvoller Stimme an den Kopfhorer zu bringen.<\/p>\n<p>Braucht man das? Fakt ist: Die Wandler und Verst\u00e4rker von Mobiltelefonen sind nicht der Weisheit letzter Schluss. Und viele HiFi-Kopfhorer tonen an Mobilger\u00e4ten viel zu leise. Der kleine Chord wirbt noch mit einem anderen Argument: Statt gunstiger Wandler von der Stange verbaut der Hersteller programmierbare FPGA-Chips. Rauschwerte auf absolut unhorbarem Niveau und extrem zeitgenaue Verarbeitung der Musiksignale sind nur einige der theoretischen Vorzuge. Beachtlich auch: Der Mojo wandelt Digitalsignale mit Abtastfrequenzen bis zu aberwitzigen 768 Kilohertz, er kann sogar DSD-Signale mit 5,12 Megahertz verarbeiten.<\/p>\n<ul class=\"RelatedLinkBox middot\">\n<li class=\"context-small serif\"><a href=\"\/aktuell\/technik-motor\/audio-video\/bluetooth-kopfhoerer-mit-geraeuschunterdrueckung-im-test-13875999.html\" title=\"Bluetooth-Kopfh\u00f6rer mit Ger\u00e4uschunterdr\u00fcckung im Test\" class=\"defaultLink arrowLink  \">Bluetooth-Kopfh\u00f6rer mit Ger\u00e4uschunterdr\u00fcckung im Test<\/a><\/li>\n<li class=\"context-small serif\"><a href=\"\/aktuell\/technik-motor\/audio-video\/interview-mit-co-chef-andreas-sennheiser-von-marco-dettweiler-ueber-kopfhoerer-13812842.html\" title=\"Interview mit Co-Chef Andreas Sennheiser \u00fcber Kopfh\u00f6rer\" class=\"defaultLink arrowLink  \">Interview mit Co-Chef Andreas Sennheiser \u00fcber Kopfh\u00f6rer<\/a><\/li>\n<li class=\"context-small serif\"><a href=\"\/aktuell\/technik-motor\/audio-video\/kopfhoerer-beyerdynamic-t1-hifiman-he-1000-und-stax-sr-009-im-test-13812840.html\" title=\"Messe Can Jam: Drei Kopfh\u00f6rer aus drei Schallwelten\" class=\"defaultLink arrowLink  \">Messe Can Jam: Drei Kopfh\u00f6rer aus drei Schallwelten<\/a><\/li>\n<\/ul>\n<p>Der Digitalton kommt uber einen Mikro-USB-Eingang, einen optischen Digitaleingang oder einen elektrischen Koaxialanschluss ins K\u00e4stchen. Alle notigen Kabelverbindungen gehoren zum Lieferumfang- iPhones allerdings brauchen einen zus\u00e4tzlichen Adapter, der die Verbindung zwischen der Lightning-Schnittstelle und dem USB-Anschluss herstellt. Zwei Kopfhorer lassen sich uber Mini-Klinkenbuchsen anschlie\u00dfen. Den Versorgungsstrom bezieht das Ger\u00e4t aus einem eingebauten Akku, der bis zu zehn Stunden durchh\u00e4lt. Dekorative Akzente setzen drei kugelformige Tasten zum Einschalten und zur Lautst\u00e4rke-Einstellung. Sie leuchten mit wechselnden Farben &#8211; je nach Pegel und nach Abtastfrequenz der musikalischen Quelle.<\/p>\n<p>Wir haben dem Knirps ausgiebig gelauscht, mit verschiedenen HiFi-Kopfhorern und anspruchsvollen In-Ear-Modellen. Das Ergebnis war durchweg eindeutig: Der Mojo bringt deutlich pr\u00e4zisere Rauminformation ins Spiel, l\u00e4sst Buhnen gro\u00dfer und luftiger erscheinen, zeichnet Mitten samtweich und charmant, l\u00e4sst B\u00e4sse konturierter knarren und Obertone zarter flirren &#8211; und vor allem: Er geht niemals akustisch in die Knie, nicht einmal dann, wenn symphonische Gro\u00dfeins\u00e4tze akustische ubersicht und souver\u00e4ne Pegelfestigkeit verlangen. 599 Euro fur den kleinen Nachbrenner sind naturlich ein gesalzener Preis, aber ambitionierte Musikgenie\u00dfer durften die Investition nicht bereuen.<\/p>\n<div class=\"source\">Quelle: <a href=\"http:\/\/www.faz.net\/aktuell\/technik-motor\/audio-video\/mobiler-kopfhoererverstaerker-high-end-fuer-die-hosentasche-13926661.html\">http:\/\/www.faz.net\/aktuell\/technik-motor\/audio-video\/mobiler-kopfhoererverstaerker-high-end-fuer-die-hosentasche-13926661.html<\/a><\/div>\n","protected":false},"excerpt":{"rendered":"<p>Viele HiFi-Kopfh\u00f6rer t\u00f6nen an Mobilger\u00e4ten viel zu leise. Dann helfen Kopfh\u00f6rerverst\u00e4rker \u2013 am besten gleich mit Digital-Analog-Wandler. Der \u201eMojo\u201c von Chord ist so ein feines Hilfsmittel.<\/p>\n","protected":false},"author":1,"featured_media":0,"comment_status":"open","ping_status":"open","sticky":false,"template":"","format":"standard","meta":{"footnotes":""},"categories":[486,454],"tags":[],"class_list":["post-39394","post","type-post","status-publish","format-standard","hentry","category-audio-video","category-technik-motor"],"_links":{"self":[{"href":"https:\/\/de.newseurope.info\/index.php?rest_route=\/wp\/v2\/posts\/39394","targetHints":{"allow":["GET"]}}],"collection":[{"href":"https:\/\/de.newseurope.info\/index.php?rest_route=\/wp\/v2\/posts"}],"about":[{"href":"https:\/\/de.newseurope.info\/index.php?rest_route=\/wp\/v2\/types\/post"}],"author":[{"embeddable":true,"href":"https:\/\/de.newseurope.info\/index.php?rest_route=\/wp\/v2\/users\/1"}],"replies":[{"embeddable":true,"href":"https:\/\/de.newseurope.info\/index.php?rest_route=%2Fwp%2Fv2%2Fcomments&post=39394"}],"version-history":[{"count":0,"href":"https:\/\/de.newseurope.info\/index.php?rest_route=\/wp\/v2\/posts\/39394\/revisions"}],"wp:attachment":[{"href":"https:\/\/de.newseurope.info\/index.php?rest_route=%2Fwp%2Fv2%2Fmedia&parent=39394"}],"wp:term":[{"taxonomy":"category","embeddable":true,"href":"https:\/\/de.newseurope.info\/index.php?rest_route=%2Fwp%2Fv2%2Fcategories&post=39394"},{"taxonomy":"post_tag","embeddable":true,"href":"https:\/\/de.newseurope.info\/index.php?rest_route=%2Fwp%2Fv2%2Ftags&post=39394"}],"curies":[{"name":"wp","href":"https:\/\/api.w.org\/{rel}","templated":true}]}}