{"id":39258,"date":"2015-11-11T08:22:10","date_gmt":"2015-11-11T08:22:10","guid":{"rendered":"http:\/\/de.newseurope.info\/?p=39258"},"modified":"2015-11-11T08:22:10","modified_gmt":"2015-11-11T08:22:10","slug":"debatte-um-panoramafreiheit-in-der-fotografie-beim-bverfg","status":"publish","type":"post","link":"https:\/\/de.newseurope.info\/?p=39258","title":{"rendered":"Debatte um Panoramafreiheit in der Fotografie beim BVerfG"},"content":{"rendered":"<p>Es gibt heftige Debatten \u00fcber das Fotografieren im \u00f6ffentlichen Raum, die sogenannte Panoramafreiheit steht beim Bundesverfassungsgericht auf dem Pr\u00fcfstand. Der Streit ist zutiefst von Verlogenheit gepr\u00e4gt.<\/p>\n<p><!--more--><\/p>\n<p>Egal, ob Akt-, Landschafts-, Mode- oder Makrofotografie, kein anderes Genre ist so zum Aufreger geeignet wie das, dem allgemein und in passend weitgreifender Unsch\u00e4rfe die Bezeichnung Stra\u00dfenfotografie gegeben wird. Es gibt heftige Debatten uber das Fotografieren im offentlichen Raum, ein Berliner Rechtsstreit besch\u00e4ftigt das Bundesverfassungsgericht, mal wird das Ende einer europ\u00e4ischen Kunstform ausgerufen, und dann steht das, was im deutschen Recht Panoramafreiheit hei\u00dft, auf dem Prufstand. Und allenthalben wird im Netz Rechtsberatung manchmal ziemlich drolliger Art erteilt.<\/p>\n<p>Darf ich ein Geb\u00e4ude, dessen Gestaltung urheberrechtlich geschutzt ist, oder ein Kunstwerk einfach so fotografieren, oder verletze ich mit dieser Reproduktion, ihrer offentlichen Ausstellung oder anderweitigen Verbreitung fremde Rechte? Noch vehementer wird diskutiert, ob und unter welchen Bedingungen es erlaubt sein soll, dass Menschen in der offentlichkeit fotografiert werden. Oder ob bereits die blo\u00dfe, keineswegs wertende Abbildung eine Verletzung ihrer Privatsph\u00e4re sei, erst recht naturlich die Veroffentlichung solcher Bilder.<\/p>\n<p><span class=\"MediaLink\" itemprop=\"image\" itemscope itemtype=\"http:\/\/schema.org\/ImageObject\"><span class=\"ArtikelBild290 galerie clearfix\"><a href=\"\/aktuell\/technik-motor\/audio-video\/debatte-um-panoramafreiheit-in-der-fotografie-beim-bverfg-13899879\/berlin-im-ice-13904894.html\" title=\"37160746\"><img title='37160746' height='163' itemprop='contentUrl' alt='37160746' width='290' class='media' src='http:\/\/media0.faz.net\/ppmedia\/aktuell\/technik-motor\/2057160092\/1.3904894\/article_teaser_marginal\/berlin-im-ice.jpg' \/><\/a><span class=\"rightCol\"><span class=\"Bildunterschrift\" itemprop=\"description\"title=\"Berlin, im ICE\">Berlin, im ICE<\/span><a title=\"Bilderstrecke \u00f6ffnen\" href=\"\/aktuell\/technik-motor\/audio-video\/debatte-um-panoramafreiheit-in-der-fotografie-beim-bverfg-13899879\/berlin-im-ice-13904894.html\"onclick=\"openArticleTab('images', 1, 'article')-return false-\"><span class=\"AML\">Bilderstrecke<span class=\"AMLArrow\"> <\/span><\/span><\/a><\/span><\/span><\/span><\/p>\n<p>Ist unter Kunstvorbehalt alles erlaubt? Kommt es letzten Endes darauf an, ob der Fotograf ein anerkannter Kunstler ist oder blo\u00df ein Hobbyfotograf, darf der eine Menschen auf der Stra\u00dfe ablichten, der andere aber nicht? Oder kommt es auf den Verwendungszweck an? Die Fotografen-Gemeinde reagiert verunsichert, manchmal sogar panisch, gelegentlich aber auch trotzig. \u201eMehr Hinterkopfe, mehr Stockfotografie\u201c betitelten die \u201ePhotonews\u201c den Bericht uber eine Diskussion zum Thema \u201eDas bedrohte Bild \/ Das Bild als Drohung\u201c.<\/p>\n<ul class=\"RelatedLinkBox middot\">\n<li class=\"context-small serif\"><a href=\"\/aktuell\/technik-motor\/audio-video\/nikon-d5500-ausprobiert-messwerte-allein-sind-nicht-abendfuellend-13876001.html\" title=\"Spiegelreflexkamera Nikon D5500 im Test\" class=\"defaultLink arrowLink  \">Spiegelreflexkamera Nikon D5500 im Test<\/a><\/li>\n<li class=\"context-small serif\"><a href=\"\/aktuell\/technik-motor\/audio-video\/lumix-gegen-fujifilm-zwei-nur-schwer-vergleichbare-charaktere-13814423.html\" title=\"Lumix gegen Fujifilm: Zwei nur schwer vergleichbare Charaktere\" class=\"defaultLink arrowLink  \">Lumix gegen Fujifilm: Zwei nur schwer vergleichbare Charaktere<\/a><\/li>\n<li class=\"context-small serif\"><a href=\"\/aktuell\/technik-motor\/audio-video\/canon-eos-760d-im-test-13801340.html\" title=\"Canon Eos 760D: Die orientiert sich nach oben\" class=\"defaultLink arrowLink  \">Canon Eos 760D: Die orientiert sich nach oben<\/a><\/li>\n<li class=\"context-small serif\"><a href=\"\/aktuell\/technik-motor\/audio-video\/pentax-k-s2-fuer-einsteiger-wetterfest-und-gut-ausgestattet-13788353.html\" title=\"Pentax K-S2 f\u00fcr Einsteiger: Wetterfest und gut ausgestattet\" class=\"defaultLink arrowLink  \">Pentax K-S2 f\u00fcr Einsteiger: Wetterfest und gut ausgestattet<\/a><\/li>\n<\/ul>\n<p>Gemeint war: Es wird ausgewichen, Menschen werden so fotografiert, dass sie nicht identifizierbar sind, und vermeintliche Stra\u00dfenszenen sind tats\u00e4chlich mit Models arrangiert, die alle Personlichkeitsrechte abgetreten haben. Unverkennbar sind die Debatten zutiefst von Verlogenheit gepr\u00e4gt. Hinter jedem Fotoobjektiv sehen wir die NSA lauern, aber wir selbst posten Intimstes quer durchs Netz und h\u00e4ngen uns einen brutalen Weegee (Arthur Fellig) als Kunst ubers Kanapee. Realit\u00e4t ist auch: In der Fu\u00dfg\u00e4ngerzone einer Stadt liegt eine junge, offensichtlich alkoholisch vergiftete Frau auf dem Pflaster.<\/p>\n<p>Jungere Passanten zucken grinsend das Handy, aber nur um ungestort Bilder zu machen. Das \u00e4ltere Publikum geht rasch weiter, eine halbe Stunde lang hilft niemand. Aber Protest regt sich gegen jemand, der mit einem Fotoapparat die traurige Szenerie von Suff und Gleichgultigkeit aus einigem Abstand dokumentiert. Das beste Pl\u00e4doyer fur die Stra\u00dfenfotografie ist, die Wirklichkeit auf der Stra\u00dfe weiterhin zu fotografieren.<\/p>\n<div class=\"source\">Quelle: <a href=\"http:\/\/www.faz.net\/aktuell\/technik-motor\/audio-video\/debatte-um-panoramafreiheit-in-der-fotografie-beim-bverfg-13899879.html\">http:\/\/www.faz.net\/aktuell\/technik-motor\/audio-video\/debatte-um-panoramafreiheit-in-der-fotografie-beim-bverfg-13899879.html<\/a><\/div>\n","protected":false},"excerpt":{"rendered":"<p>Es gibt heftige Debatten \u00fcber das Fotografieren im \u00f6ffentlichen Raum, die sogenannte Panoramafreiheit steht beim Bundesverfassungsgericht auf dem Pr\u00fcfstand. Der Streit ist zutiefst von Verlogenheit gepr\u00e4gt.<\/p>\n","protected":false},"author":1,"featured_media":0,"comment_status":"open","ping_status":"open","sticky":false,"template":"","format":"standard","meta":{"footnotes":""},"categories":[486,454],"tags":[],"class_list":["post-39258","post","type-post","status-publish","format-standard","hentry","category-audio-video","category-technik-motor"],"_links":{"self":[{"href":"https:\/\/de.newseurope.info\/index.php?rest_route=\/wp\/v2\/posts\/39258","targetHints":{"allow":["GET"]}}],"collection":[{"href":"https:\/\/de.newseurope.info\/index.php?rest_route=\/wp\/v2\/posts"}],"about":[{"href":"https:\/\/de.newseurope.info\/index.php?rest_route=\/wp\/v2\/types\/post"}],"author":[{"embeddable":true,"href":"https:\/\/de.newseurope.info\/index.php?rest_route=\/wp\/v2\/users\/1"}],"replies":[{"embeddable":true,"href":"https:\/\/de.newseurope.info\/index.php?rest_route=%2Fwp%2Fv2%2Fcomments&post=39258"}],"version-history":[{"count":0,"href":"https:\/\/de.newseurope.info\/index.php?rest_route=\/wp\/v2\/posts\/39258\/revisions"}],"wp:attachment":[{"href":"https:\/\/de.newseurope.info\/index.php?rest_route=%2Fwp%2Fv2%2Fmedia&parent=39258"}],"wp:term":[{"taxonomy":"category","embeddable":true,"href":"https:\/\/de.newseurope.info\/index.php?rest_route=%2Fwp%2Fv2%2Fcategories&post=39258"},{"taxonomy":"post_tag","embeddable":true,"href":"https:\/\/de.newseurope.info\/index.php?rest_route=%2Fwp%2Fv2%2Ftags&post=39258"}],"curies":[{"name":"wp","href":"https:\/\/api.w.org\/{rel}","templated":true}]}}