{"id":32686,"date":"2015-01-18T02:00:00","date_gmt":"2015-01-18T02:00:00","guid":{"rendered":"http:\/\/de.newseurope.info\/?p=32686"},"modified":"2015-01-18T02:00:00","modified_gmt":"2015-01-18T02:00:00","slug":"internet-vom-amt-minister-fur-gratis-wlan-auf-allen-behorden","status":"publish","type":"post","link":"https:\/\/de.newseurope.info\/?p=32686","title":{"rendered":"Internet vom Amt: Minister f\u00fcr Gratis-WLAN auf allen Beh\u00f6rden"},"content":{"rendered":"<p>Mal eben schnell ins WLAN von Rathaus oder Kanzleramt einloggen, um private Mails abzurufen &#8211; so \u00e4hnlich klingt es, was Merkels Digital-Minister nun vorschl\u00e4gt. Dabei hat die Regierung f\u00fcr offene Netze eigentlich wenig \u00fcbrig.<\/p>\n<p><!--more--><\/p>\n<p>Deutsche Beh\u00f6rden sollen nach dem Willen von Bundesverkehrsminister Alexander Dobrindt (CSU) k\u00fcnftig f\u00fcr kostenfreies \u00f6ffentliches WLAN rund um ihre Geb\u00e4ude sorgen. \u201eMein Ministerium wird noch in diesem Jahr kostenfreies WLAN rund um das Dienstgeb\u00e4ude in Berlin-Mitte anbieten\u201c, sagte der auch f\u00fcr digitale Infrastruktur zust\u00e4ndige Minister der \u201eBild am Sonntag\u201c. Sein Haus wolle Vorreiter sein und eine WLAN-Offensive in Gang setzen. \u201eWenn alle Beh\u00f6rden in Berlin das genauso machen, haben wir bald ein breites WLAN-Netz in der Hauptstadt.\u201c<\/p>\n<p class=\"WeitereBeitraege\"><span class=\"WBHead\">Mehr zum Thema<\/span><\/p>\n<ul class=\"WBListe\">\n<li><span class=\"middot\"> <\/span><a href=\"\/aktuell\/feuilleton\/medien\/koalition-gegen-aufhebung-von-stoererhaftung-13266241.html\" title=\"Bundestagsdebatte: Koalition gegen vollst\u00e4ndige Aufhebung von St\u00f6rerhaftung\">Bundestagsdebatte: Koalition gegen vollst\u00e4ndige Aufhebung von St\u00f6rerhaftung<span class=\"Winkel\"> <\/span><\/a><\/li>\n<li><span class=\"middot\"> <\/span><a href=\"\/aktuell\/feuilleton\/debatten\/digitale-agenda-widerspricht-verfassungsrecht-13226002.html\" title=\"Digitale Agenda: Datenverkehr nur mit Nummernschild\">Digitale Agenda: Datenverkehr nur mit Nummernschild<span class=\"Winkel\"> <\/span><\/a><\/li>\n<li><span class=\"middot\"> <\/span><a href=\"\/aktuell\/technik-motor\/computer-internet\/oeffentliches-w-lan-in-deutschland-funktioniert-selten-12977350.html\" title=\"Wer st\u00f6rt?\">Wer st\u00f6rt?<span class=\"Winkel\"> <\/span><\/a><\/li>\n<\/ul>\n<p>Auch in den anderen Bundesl\u00e4ndern sollen die Beh\u00f6rden dann nach dem Willen Dobrindts nachziehen: \u201eSt\u00e4dte und Gemeinden, die beim \u00f6ffentlichen WLAN die Nase vorn haben, gewinnen einen echten Standortvorteil.\u201c B\u00fcrger und Wirtschaft profitierten gleicherma\u00dfen, \u201ewenn schnelles Internet nicht nur im B\u00fcro, sondern auch auf dem Marktplatz, im Park oder im Warteraum des Rathauses kostenlos und zuverl\u00e4ssig f\u00fcr alle verf\u00fcgbar ist\u201c.<\/p>\n<h2>Wie offen wird der Zugang?<\/h2>\n<p>Sollten sich Dobrindts Pl\u00e4ne konkretisieren, wird die Netzgemeinde mit Interesse beobachten, wie der Zugang geregelt werden soll &#8211; etwa per Registrierung oder Passwort.<\/p>\n<p>Die Bundesregierung hatte sich vergangenes Jahr dagegen ausgesprochen, die sogenannte &#8222;St\u00f6rerhaftung&#8220; aufzuheben, nach der WLAN-Betreiber daf\u00fcr mitverantwortlich sind, was andere Nutzer in ihrem Netz treiben. Diese Regelung gilt als Haupthindernis auf dem Weg zu fl\u00e4chendeckenden offenen WLAN-Netzen.<\/p>\n<p><!--[IF !IE]> --><!-- <![ENDIF]--><!--[IF IE]><a title=\"Facebook\" target=\"_blank\" href=\"https:\/\/www.facebook.com\/share.php?u=http%3A%2F%2Fwww.faz.net%2F-gyc-7ypn5\"class=\"ArtikelFunktion Facebook Icon GETS-lk-artikel.buttons.facebook-lp-abbinder\"> <\/a><a title=\"Twitter\" target=\"_blank\" href=\"https:\/\/twitter.com\/home\/?status=Internet+vom+Amt%3A+Minister+f%C3%BCr+Gratis-WLAN+auf+allen+Beh%C3%B6rden+faz.net%2F-gyc-7ypn5+via+%40faz_net\"class=\"ArtikelFunktion Twitter Icon GETS-lk-artikel.buttons.twitter-lp-abbinder\"> <\/a><a title=\"Google+\" target=\"_blank\" href=\"https:\/\/plus.google.com\/share?hl=de&url=http%3A%2F%2Fwww.faz.net%2F-gyc-7ypn5\"class=\"ArtikelFunktion GPlus Icon GETS-lk-artikel.buttons.googleplus-lp-abbinder\"> <\/a><![ENDIF]--><a title=\"Video weitersagen\" id=\"informOthersLink9\" class=\"ArtikelFunktion Weitersagen\">Weitersagen<\/a><a title=\"Video empfehlen\" href=\"#\"class=\"ArtikelFunktion Empfehlen First 1_3309454\"><\/a><a title=\"Video merken\" class=\"ArtikelFunktion Merken left\">Merken<\/a><span class=\"Bildnachweis hideMMElements\">&#038;copy- AFP, Afp<\/span><\/p>\n<p class=\"Bildunterschrift hideMMElements\">Freies W-Lan in der Moskauer Metro<\/p>\n<p class=\"Bildueberschrift hideMMElements\">Freies Internet in der Moskauer Metro<\/p>\n<p class=\"Bildbeschreibung hideMMElements\">\n<p><span class=\"Bildunterschrift\" itemprop=\"description\">Freies W-Lan in der Moskauer Metro<\/span><\/p>\n<div class=\"source\">Quelle: <a href=\"http:\/\/www.faz.net\/aktuell\/technik-motor\/computer-internet\/internet-vom-amt-minister-fuer-gratis-wlan-auf-allen-behoerden-13376849.html\">http:\/\/www.faz.net\/aktuell\/technik-motor\/computer-internet\/internet-vom-amt-minister-fuer-gratis-wlan-auf-allen-behoerden-13376849.html<\/a><\/div>\n","protected":false},"excerpt":{"rendered":"<p>Mal eben schnell ins WLAN von Rathaus oder Kanzleramt einloggen, um private Mails abzurufen &#8211; so \u00e4hnlich klingt es, was Merkels Digital-Minister nun vorschl\u00e4gt. Dabei hat die Regierung f\u00fcr offene Netze eigentlich wenig \u00fcbrig.<\/p>\n","protected":false},"author":1,"featured_media":50086,"comment_status":"open","ping_status":"open","sticky":false,"template":"","format":"standard","meta":{"footnotes":""},"categories":[476,454],"tags":[868,1459,365],"class_list":["post-32686","post","type-post","status-publish","format-standard","has-post-thumbnail","hentry","category-computer-internet","category-technik-motor","tag-alexander-dobrindt","tag-bams","tag-csu"],"_links":{"self":[{"href":"https:\/\/de.newseurope.info\/index.php?rest_route=\/wp\/v2\/posts\/32686","targetHints":{"allow":["GET"]}}],"collection":[{"href":"https:\/\/de.newseurope.info\/index.php?rest_route=\/wp\/v2\/posts"}],"about":[{"href":"https:\/\/de.newseurope.info\/index.php?rest_route=\/wp\/v2\/types\/post"}],"author":[{"embeddable":true,"href":"https:\/\/de.newseurope.info\/index.php?rest_route=\/wp\/v2\/users\/1"}],"replies":[{"embeddable":true,"href":"https:\/\/de.newseurope.info\/index.php?rest_route=%2Fwp%2Fv2%2Fcomments&post=32686"}],"version-history":[{"count":0,"href":"https:\/\/de.newseurope.info\/index.php?rest_route=\/wp\/v2\/posts\/32686\/revisions"}],"wp:featuredmedia":[{"embeddable":true,"href":"https:\/\/de.newseurope.info\/index.php?rest_route=\/wp\/v2\/media\/50086"}],"wp:attachment":[{"href":"https:\/\/de.newseurope.info\/index.php?rest_route=%2Fwp%2Fv2%2Fmedia&parent=32686"}],"wp:term":[{"taxonomy":"category","embeddable":true,"href":"https:\/\/de.newseurope.info\/index.php?rest_route=%2Fwp%2Fv2%2Fcategories&post=32686"},{"taxonomy":"post_tag","embeddable":true,"href":"https:\/\/de.newseurope.info\/index.php?rest_route=%2Fwp%2Fv2%2Ftags&post=32686"}],"curies":[{"name":"wp","href":"https:\/\/api.w.org\/{rel}","templated":true}]}}