{"id":32042,"date":"2014-12-20T12:15:06","date_gmt":"2014-12-20T12:15:06","guid":{"rendered":"http:\/\/de.newseurope.info\/?p=32042"},"modified":"2014-12-20T12:15:06","modified_gmt":"2014-12-20T12:15:06","slug":"gesetzentwurf-bis-zu-18-monate-wartezeit-fur-politiker-wechsel-in-die-wirtschaft","status":"publish","type":"post","link":"https:\/\/de.newseurope.info\/?p=32042","title":{"rendered":"Gesetzentwurf: Bis zu 18 Monate Wartezeit f\u00fcr Politiker-Wechsel in die Wirtschaft"},"content":{"rendered":"<p>Wenn ehemalige Minister kurz nach Aufgabe ihres Amtes sofort in die Wirtschaft wechseln, hagelt es oft Kritik. Die gro\u00dfe Koalition will den Wechsel daher gesetzlich regeln. Jetzt liegt ein erster Gesetzentwurf vor.<\/p>\n<p><!--more--><\/p>\n<p>PreviewPagemarker&#8220; id=&#8220;pageIndex_1&#8243;>Die gro\u00dfe Koalition hat sich laut einem <a href=\"http:\/\/www.spiegel.de\/politik\/deutschland\/karenzzeit-fuer-politiker-koalition-legt-gesetz-vor-a-1009583.html\">Bericht von Spiegel Online<\/a> auf ein Gesetz zur Regelung von Politiker-Wechseln in die Wirtschaft geeinigt. F\u00fcr Minister und parlamentarische Staatssekret\u00e4re ist demnach eine Karenzzeit von bis zu 18 Monaten geplant. Wenn ehemalige Regierungsmitglieder nach Ausscheiden aus ihrem Amt in die Wirtschaft wechseln wollen, gelte k\u00fcnftig eine Anzeigepflicht. Die Bundesregierung habe dann zu entscheiden, ob sie dem Wechsel zustimmt.<\/p>\n<p>Die Regierung soll den Wechsel im Regelfall f\u00fcr ein Jahr, in Sonderf\u00e4llen aber bis zu 18 Monaten untersagen d\u00fcrfen, wenn sie eine m\u00f6gliche Interessenkollision sieht. Bei ihrer Entscheidung solle die Regierung von einem externen Gremium beraten werden, dessen Empfehlung aber nicht bindend sei. Der Gesetzentwurf muss nun in die Ressortabstimmung. Die Verabschiedung im Kabinett ist laut dem Bericht f\u00fcr Anfang Februar geplant.<\/p>\n<p class=\"WeitereBeitraege\"><span class=\"WBHead\">Mehr zum Thema<\/span><\/p>\n<ul class=\"WBListe\">\n<li><span class=\"middot\">&#038;nbsp-<\/span><a href=\"\/aktuell\/wirtschaft\/unternehmen\/von-der-politik-in-die-wirtschaft-politiker-im-wechselfieber-11452522.html\" title=\"Bild f\u00fcr Bild: Politiker in der Wirtschaft - wer wechselte wohin?\">Bild f\u00fcr Bild: Politiker in der Wirtschaft &#8211; wer wechselte wohin?<span class=\"Winkel\">&#038;nbsp-<\/span><\/a><\/li>\n<\/ul>\n<p>Die Bundesregierung hatte bereits vor Monaten <a href=\"http:\/\/www.faz.net\/aktuell\/politik\/inland\/bundestag-koalition-plant-gesetzentwurf-zu-karenzzeiten-12755432.html\">angek\u00fcndigt<\/a>, den Wechsel von Spitzenpolitikern&#038;nbsp- in die Wirtschaft k\u00fcnftig mit einem Gesetz regeln zu wollen. Anfang Oktober hatten sich die Spitzen der Koalition im Kanzleramt auf die <a href=\"http:\/\/www.faz.net\/aktuell\/politik\/inland\/wechsel-in-die-wirtschaft-regierung-einigt-sich-auf-karenzzeit-13194836.html\">Grundz\u00fcge geeinigt<\/a>, die nun in eine erste Gesetzesform gegossen wurden. Die <a href=\"http:\/\/www.faz.net\/aktuell\/wirtschaft\/wirtschaftspolitik\/eu-kommission-fordert-deutsche-politiker-sollen-erst-spaeter-in-die-wirtschaft-wechseln-12781752.html\">EU-Kommission hatte zuvor von Deutschland klare Regeln f\u00fcr den Wechsel zwischen Politik und Wirtschaft verlangt<\/a>. Die Gr\u00fcnen hatten nach einer Karenzzeit von drei Jahren gerufen, was in der Koalition aber als \u00fcberzogen abgewiesen wurde.<\/p>\n<p>            <span class=\"MediaLink\" itemprop=\"image\" itemscope itemtype=\"http:\/\/schema.org\/ImageObject\"><span class=\"ArtikelBild290 galerie clearfix\"><a href=\"\/aktuell\/wirtschaft\/wirtschaftspolitik\/gesetzentwurf-bis-zu-18-monate-wartezeit-fuer-politiker-wechsel-in-die-wirtschaft-13332871-b2.html\" title=\"Politiker im Wechselfieber\">                                            <img title='Politiker im Wechselfieber' height='163' itemprop='contentUrl' alt='Politiker im Wechselfieber' width='290' class='media' src='http:\/\/media0.faz.net\/ppmedia\/aktuell\/wirtschaft\/3893321127\/1.2735748\/article_teaser_marginal\/ronald-pofalla.jpg' \/><\/a><span class=\"rightCol\"><span class=\"Bildunterschrift\" itemprop=\"description\" title=\"Aus der Politik f\u00e4hrt ein Karrierezug in viele Unternehmen. Dirk Niebel, Kurt Beck, Roland Koch - die Liste ist lang. Die prominentesten Wechsel im \u00dcberblick.\">Aus der Politik f\u00e4hrt ein Karrierezug in viele Unternehmen. Dirk Niebel, Kurt Beck, Roland Koch &#8211; die Liste ist lang. Die prominentesten Wechsel im \u00dcberblick.<\/span>                                        <a title=\"Bilderstrecke \u00f6ffnen\" href=\"\/aktuell\/wirtschaft\/wirtschaftspolitik\/gesetzentwurf-bis-zu-18-monate-wartezeit-fuer-politiker-wechsel-in-die-wirtschaft-13332871-b2.html\" onclick=\"openArticleTab('images', 1, 'article')-return false-\"><span class=\"AML\">Bilderstrecke<span class=\"AMLArrow\">&#038;nbsp-<\/span><\/span><\/a><\/span><\/span><\/span><\/p>\n<p><a href=\"http:\/\/www.faz.net\/aktuell\/wirtschaft\/unternehmen\/von-der-politik-in-die-wirtschaft-politiker-im-wechselfieber-11452522.html\">Wechsel von Spitzenpolitikern in die Wirtschaft<\/a> haben in der Vergangenheit immer wieder f\u00fcr negative Schlagzeilen gesorgt. Umstritten waren zuletzt etwa die Wechsel von Ronald Pofalla zur Bahn, Eckart von Klaeden zu Daimler, Dirk Niebel zu Rheinmetall und Daniel Bahr zur Allianz.<\/p>\n<\/p><\/div>\n<div class=\"FAZArtikelText\">\n<div class=\"source\">Quelle: <a href=\"http:\/\/www.faz.net\/aktuell\/wirtschaft\/wirtschaftspolitik\/gesetzentwurf-bis-zu-18-monate-wartezeit-fuer-politiker-wechsel-in-die-wirtschaft-13332871.html\">http:\/\/www.faz.net\/aktuell\/wirtschaft\/wirtschaftspolitik\/gesetzentwurf-bis-zu-18-monate-wartezeit-fuer-politiker-wechsel-in-die-wirtschaft-13332871.html<\/a><\/div>\n","protected":false},"excerpt":{"rendered":"<p>Wenn ehemalige Minister kurz nach Aufgabe ihres Amtes sofort in die Wirtschaft wechseln, hagelt es oft Kritik. Die gro\u00dfe Koalition will den Wechsel daher gesetzlich regeln. Jetzt liegt ein erster Gesetzentwurf vor.<\/p>\n","protected":false},"author":1,"featured_media":50086,"comment_status":"open","ping_status":"open","sticky":false,"template":"","format":"standard","meta":{"footnotes":""},"categories":[2058,303,304],"tags":[293,288,1122,557,1133],"class_list":["post-32042","post","type-post","status-publish","format-standard","has-post-thumbnail","hentry","category-home","category-wirtschaft","category-wirtschaftspolitik","tag-bundesregierung","tag-eu-kommission","tag-gesetzentwurf","tag-grose-koalition","tag-spiegel-online"],"_links":{"self":[{"href":"https:\/\/de.newseurope.info\/index.php?rest_route=\/wp\/v2\/posts\/32042","targetHints":{"allow":["GET"]}}],"collection":[{"href":"https:\/\/de.newseurope.info\/index.php?rest_route=\/wp\/v2\/posts"}],"about":[{"href":"https:\/\/de.newseurope.info\/index.php?rest_route=\/wp\/v2\/types\/post"}],"author":[{"embeddable":true,"href":"https:\/\/de.newseurope.info\/index.php?rest_route=\/wp\/v2\/users\/1"}],"replies":[{"embeddable":true,"href":"https:\/\/de.newseurope.info\/index.php?rest_route=%2Fwp%2Fv2%2Fcomments&post=32042"}],"version-history":[{"count":0,"href":"https:\/\/de.newseurope.info\/index.php?rest_route=\/wp\/v2\/posts\/32042\/revisions"}],"wp:featuredmedia":[{"embeddable":true,"href":"https:\/\/de.newseurope.info\/index.php?rest_route=\/wp\/v2\/media\/50086"}],"wp:attachment":[{"href":"https:\/\/de.newseurope.info\/index.php?rest_route=%2Fwp%2Fv2%2Fmedia&parent=32042"}],"wp:term":[{"taxonomy":"category","embeddable":true,"href":"https:\/\/de.newseurope.info\/index.php?rest_route=%2Fwp%2Fv2%2Fcategories&post=32042"},{"taxonomy":"post_tag","embeddable":true,"href":"https:\/\/de.newseurope.info\/index.php?rest_route=%2Fwp%2Fv2%2Ftags&post=32042"}],"curies":[{"name":"wp","href":"https:\/\/api.w.org\/{rel}","templated":true}]}}