{"id":26505,"date":"2014-06-25T13:35:59","date_gmt":"2014-06-25T13:35:59","guid":{"rendered":"http:\/\/de.newseurope.info\/?p=26505"},"modified":"2014-06-25T13:35:59","modified_gmt":"2014-06-25T13:35:59","slug":"was-macht-den-trend-selfie-aus","status":"publish","type":"post","link":"https:\/\/de.newseurope.info\/?p=26505","title":{"rendered":"Was macht den Trend Selfie aus?"},"content":{"rendered":"<p>Wieso ist ein Selfie, diese modische Art, sich selbst mit einem Handy oder einer Digitalkamera zu fotografieren, nicht einfach ein Selbstportr\u00e4t? Was macht das Selfie aus?<\/p>\n<p><!--more--><\/p>\n<p>Als Lukas Podolski nach dem ersten Weltmeisterschaftsspiel der deutschen Mannschaft ein Digitalfoto von sich und Angela Merkel machte, war dies nat\u00fcrlich kein \u201eSchnappschuss mit der schmunzelnden Kanzlerin\u201c, wie irgendwo zu lesen stand. Es war \u2013 wie von dem Kicker angek\u00fcndigt &#8211; ein wohlvorbereitetes Selfie mit zwei Gewinnern: Podolski konnte \u2013 wenn nicht auf dem Platz, so wenigstens im Netz \u2013 der Star sein, und die Kanzlerin wurde um sch\u00e4tzungsweise ein halbes Menschenalter geliftet. Mit l\u00e4ngerer Nachwirkung als jeder Kamerablick zur Trib\u00fcne signalisierte dieses Bild: Ich bin mittendrin dabei. Bereits am folgenden Tag, etwa f\u00fcnfzehn Stunden nachdem \u201ePoldi\u201c sein Bild in Facebook ver\u00f6ffentlicht hatte, hatten es fast 13 Millionen Menschen dort gesehen. 420 000 tippten auf \u201eGef\u00e4llt mir\u201c, rund 8500 kommentierten das Bild, und fast 27 000 verbreiteten es mit \u201eTeilen\u201c weiter.<\/p>\n<p>Nun befindet sich Angela Merkel selbstverst\u00e4ndlich nicht in der pubert\u00e4ren Selbstfindungsphase, sondern sie macht auch bei ihrem Kabinenbesuch Politik, wenn sie sich von einem Nationalspieler ablichten und ins Netz stellen l\u00e4sst. Und ihre PR-Berater werden sich genau angesehen haben, mit welcher Reichweite sich das Medium Selfie nutzen l\u00e4sst. L\u00e4ngst ist daraus ein Instrument geworden, um die Popularit\u00e4t von Personen und Vorg\u00e4ngen einzusch\u00e4tzen oder Produkte \u00fcber soziale Netzwerke zu lancieren.<\/p>\n<h2>Das erste Selfie gab es schon vor 175 Jahren<\/h2>\n<p>Die Meinung, Selfies seien das Ausdrucksmittel junger M\u00e4dchen, untersch\u00e4tzt die Rolle, die diese Selbstbilder inzwischen spielen. Mehr als drei Viertel der jungen Frauen zwischen 18 und 24 Jahren posten regelm\u00e4\u00dfig Selfies. Asiaten tun es Untersuchungen zufolge h\u00e4ufiger als Europ\u00e4er, und im Vergleich deutscher St\u00e4dte soll das Selfie-Aufkommen besonders hoch in D\u00fcsseldorf sein. Wer sich dumm stellt und wissen will, was es mit diesen Selbstbildnissen auf sich habe, bekommt gesagt: Das typische Selfie zeige vor dem Badezimmerspiegel ein minderj\u00e4hriges M\u00e4dchen, das sich f\u00fcr eine Party oder einen Discoabend mehr oder weniger herausfordernd gestylt hat.<\/p>\n<p>Das Selfie als fotografisches Selbstportr\u00e4t ist ziemlich genauso alt wie die Fotografie an sich: 175 Jahre. Im August 1839 stellte Daguerre sein Lichtbildverfahren vor, und im Oktober oder November desselben Jahres machte ein gewisser Robert Cornelius (\u201ethe guy who started it all\u201c) im Freien die Aufnahme von sich, die als \u00e4ltestes fotografisches Selbstportr\u00e4t Amerikas in der Bibliothek des Kongresses aufbewahrt wird. Doch nicht jeder wird diese Aufnahme als Selfie durchgehen lassen, sondern sie einfach in die freilich viel l\u00e4ngere Ahnenreihe der Selbstbildnisse einreihen.<\/p>\n<h2>H\u00f6hlenmalerei als Vorg\u00e4nger<\/h2>\n<p>Denn von allem Anfang an haben die Bildermacher auch Abbilder von sich selbst geschaffen: Sie haben ihre H\u00e4nde mit roten und wei\u00dfen Erden an H\u00f6hlenw\u00e4nde geklatscht, haben sich mit Kreide, Kohle und Graphitstift gezeichnet, ihr eigenes Portr\u00e4t in Metall gestochen und in \u00d6l gemalt. Bis zur Fotografie und den Apparaten mit dem schnurrenden Uhrwerk eines Selbstausl\u00f6sers war das Selbstportr\u00e4t stark abh\u00e4ngig vom k\u00fcnstlerischen K\u00f6nnen des sich selbst Abbildenden und h\u00e4ufig gepr\u00e4gt von dem typisch seitw\u00e4rts in den Spiegel gerichteten Blick. Dann kam mit dem Warten auf das Klicken des Verschlusses jene seltsame Erstarrung, die auf vielen mit Selbstausl\u00f6ser gemachten Aufnahmen bis zum heutigen Tag zu sehen ist. Und dann erst kam das Selfie mit dem ins Bild ragenden Arm.<\/p>\n<p>Den kann man nun aber nicht zum einzigen oder auch nur zum wichtigsten Kriterium machen, ob ein Bild ein Selfie ist oder nicht. Der Ausdruck, der 2002 zuerst in Australien aufgetaucht sein soll und im vergangenen Jahr von der Redaktion des Oxford Dictionary zum Wort des Jahres 2013 gek\u00fcrt wurde, umfasst viele verschiedene Arten von Bildern. Die klassische Badezimmer-Aufnahme beispielsweise kann auch ein Schuss in den Spiegel sein, bei dem der Apparat oder das Handy zu sehen ist.<\/p>\n<h2>Fotografiert f\u00fcr die sozialen Netzwerke<\/h2>\n<p>Oder auch nicht: manche Selfie-Fotografinnen sind immerhin so geschickt, ihre Kamera au\u00dferhalb des Blickfelds der Kamera zu postieren. Es k\u00f6nnen auch mehrere Personen auf einem \u201eGruppen-Selfie\u201c sein. Manchmal ist die Umgebung deutlich zu erkennen, und das kann, muss aber keineswegs Absicht sein. \u201eIch unter dem Eiffelturm\u201c verlangt eine andere Bildregie als \u201eMein Sixpack nach drei Monaten Training\u201c, und wiederum eine andere ist f\u00fcr \u201eMeine Schwester und ich auf dem Lana-Del-Rey-Konzert\u201c n\u00f6tig.<\/p>\n<div class=\"source\">Quelle: <a href=\"http:\/\/www.faz.net\/aktuell\/technik-motor\/audio-video\/was-macht-den-trend-selfie-aus-13003924.html\">http:\/\/www.faz.net\/aktuell\/technik-motor\/audio-video\/was-macht-den-trend-selfie-aus-13003924.html<\/a><\/div>\n","protected":false},"excerpt":{"rendered":"<p>Wieso ist ein Selfie, diese modische Art, sich selbst mit einem Handy oder einer Digitalkamera zu fotografieren, nicht einfach ein Selbstportr\u00e4t? Was macht das Selfie aus?<\/p>\n","protected":false},"author":1,"featured_media":50086,"comment_status":"open","ping_status":"open","sticky":false,"template":"","format":"standard","meta":{"footnotes":""},"categories":[486,454],"tags":[291,290,4104,2959],"class_list":["post-26505","post","type-post","status-publish","format-standard","has-post-thumbnail","hentry","category-audio-video","category-technik-motor","tag-angela-merkel","tag-facebook","tag-lukas-podolski","tag-oscarverleihung"],"_links":{"self":[{"href":"https:\/\/de.newseurope.info\/index.php?rest_route=\/wp\/v2\/posts\/26505","targetHints":{"allow":["GET"]}}],"collection":[{"href":"https:\/\/de.newseurope.info\/index.php?rest_route=\/wp\/v2\/posts"}],"about":[{"href":"https:\/\/de.newseurope.info\/index.php?rest_route=\/wp\/v2\/types\/post"}],"author":[{"embeddable":true,"href":"https:\/\/de.newseurope.info\/index.php?rest_route=\/wp\/v2\/users\/1"}],"replies":[{"embeddable":true,"href":"https:\/\/de.newseurope.info\/index.php?rest_route=%2Fwp%2Fv2%2Fcomments&post=26505"}],"version-history":[{"count":0,"href":"https:\/\/de.newseurope.info\/index.php?rest_route=\/wp\/v2\/posts\/26505\/revisions"}],"wp:featuredmedia":[{"embeddable":true,"href":"https:\/\/de.newseurope.info\/index.php?rest_route=\/wp\/v2\/media\/50086"}],"wp:attachment":[{"href":"https:\/\/de.newseurope.info\/index.php?rest_route=%2Fwp%2Fv2%2Fmedia&parent=26505"}],"wp:term":[{"taxonomy":"category","embeddable":true,"href":"https:\/\/de.newseurope.info\/index.php?rest_route=%2Fwp%2Fv2%2Fcategories&post=26505"},{"taxonomy":"post_tag","embeddable":true,"href":"https:\/\/de.newseurope.info\/index.php?rest_route=%2Fwp%2Fv2%2Ftags&post=26505"}],"curies":[{"name":"wp","href":"https:\/\/api.w.org\/{rel}","templated":true}]}}