{"id":26271,"date":"2014-06-11T08:15:31","date_gmt":"2014-06-11T08:15:31","guid":{"rendered":"http:\/\/de.newseurope.info\/?p=26271"},"modified":"2014-06-11T08:15:31","modified_gmt":"2014-06-11T08:15:31","slug":"kopfhorerverstarker-von-beyerdynamic-des-kopfhorers-reine-quelle","status":"publish","type":"post","link":"https:\/\/de.newseurope.info\/?p=26271","title":{"rendered":"Kopfh\u00f6rerverst\u00e4rker von Beyerdynamic: Des Kopfh\u00f6rers reine Quelle"},"content":{"rendered":"<p>Wer seinen Kopfh\u00f6rer liebt, versorgt ihn mit angemessener Lebensenergie. So sehen es jedenfalls Hersteller wie Beyerdynamic.  A2 hei\u00dft ihr neuer High-End-Kopfh\u00f6rerverst\u00e4rker.<\/p>\n<p><!--more--><\/p>\n<p>Wer seinen Kopfh\u00f6rer liebt, versorgt ihn mit angemessener Lebensenergie. So sehen es jedenfalls Hersteller wie Beyerdynamic: Die Heilbronner Manufaktur baut seit Jahr und Tag Spezialverst\u00e4rker, die nichts anderes tun sollen, als dem Kopfh\u00f6rer feinste elektrische Nahrung zuzuf\u00fchren. Jetzt legen die Schwaben ein neues Modell auf: Es hei\u00dft A2, soll alle bisherige Konfektion in den Schatten stellen und signalisiert dies auch mit seinem Preis: Unbescheidene 1490 Euro verlangt der H\u00e4ndler. Das l\u00e4sst aufhorchen &#8211; und vergleichen: Andere Anbieter halten in diesen Preish\u00f6hen Kopfh\u00f6rer-Verst\u00e4rker bereit, die obendrein noch einen Digital-Analog-Wandler an Bord haben. Beyerdynamic verzichtet darauf bewusst: Ein kompromissloser Analogbaustein war zun\u00e4chst das Ziel der Entwicklung.<\/p>\n<p>Die Anmutung des Ger\u00e4ts h\u00e4lt mit dem hehren Anspruch Schritt. Die Elektronik steckt in einem soliden Aluminiumgeh\u00e4use mit einer gl\u00e4sernen, von innen gegen Einstrahlungen metallbedampften Deckplatte. Sie l\u00e4sst einen Durchblick in Form des Markensignets offen, und was man durch das Guckfenster von der Platine sieht, \u00fcberzeugt: Die gesamte Schaltung besteht aus separaten, sorgsam auf einer wei\u00dfen Platine angeordneten Bauteilen, integrierte Operationsverst\u00e4rker sucht man vergebens. Ein visueller Gag: Leuchtdioden, die funktionelle Aufgaben in den Regelkreisen des Verst\u00e4rkers haben, senden nach dem Einschalten allm\u00e4hlich anschwellendes r\u00f6tliches Licht durch das Glasfenster, ganz so, als w\u00fcrden im Inneren Verst\u00e4rkerr\u00f6hren zu ihrem glimmenden Werk hochfahren.<\/p>\n<p class=\"WeitereBeitraege\"><span class=\"WBHead\">Mehr zum Thema<\/span><\/p>\n<ul class=\"WBListe\">\n<li><span class=\"middot\"> <\/span><a href=\"\/aktuell\/technik-motor\/audio-video\/der-kopfhoererverstaerker-gemini-von-auralic-im-test-12836406.html\" title=\"Kopfh\u00f6rerverst\u00e4rker Gemini: Die Troph\u00e4e f\u00fcr Audiophile\">Kopfh\u00f6rerverst\u00e4rker Gemini: Die Troph\u00e4e f\u00fcr Audiophile<span class=\"Winkel\"> <\/span><\/a><\/li>\n<li><span class=\"middot\"> <\/span><a href=\"\/aktuell\/technik-motor\/audio-video\/kopfhoererverstaerker-im-test-damit-es-noch-besser-klingt-12514646.html\" title=\"Kopfh\u00f6rerverst\u00e4rker im Test: Damit es noch besser klingt\">Kopfh\u00f6rerverst\u00e4rker im Test: Damit es noch besser klingt<span class=\"Winkel\"> <\/span><\/a><\/li>\n<li><span class=\"middot\"> <\/span><a href=\"\/aktuell\/technik-motor\/audio-video\/verstaerker-mit-d-a-wandler-tu-deinem-kopfhoerer-etwas-gutes-12083837.html\" title=\"Kopfh\u00f6rerverst\u00e4rker: Tu deinem Kopfh\u00f6rer etwas Gutes\">Kopfh\u00f6rerverst\u00e4rker: Tu deinem Kopfh\u00f6rer etwas Gutes<span class=\"Winkel\"> <\/span><\/a><\/li>\n<\/ul>\n<p>Der A2 kann zwei Kopfh\u00f6rer \u00fcber Klinkenbuchsen auf der Vorderseite speisen. Auf der R\u00fcckseite gibt es zwei Paar Cinchbuchsen f\u00fcr die Eingangssignale, ein weiteres Cinch-Paar dient als Hochpegelausgang, zum Beispiel f\u00fcr Aktivboxen. Das Umschalten zwischen den Eing\u00e4ngen erledigt die elegante Aluminium-Fernbedienung. Sie kann auch die Lautst\u00e4rke regeln &#8211; nicht etwa \u00fcber integrierte Schaltungen, sondern \u00fcber einen Elektromotor am analogen Potentiometer. Unscheinbar, aber wichtig: An der Unterseite des Ger\u00e4ts gibt es noch zwei Schalter. Einer davon passt den Verst\u00e4rkungsfaktor an die Empfindlichkeit des H\u00f6rers an, der andere w\u00e4hlt zwischen null und 100 Ohm Ausgangsimpedanz, um der Impedanz des H\u00f6rers m\u00f6glichst gerecht zu werden.<\/p>\n<p>Wir haben dem anspruchsvollen Konstrukt mit zwei erstklassigen H\u00f6rern des Hauses gelauscht &#8211; dem halboffenen Marken-Flaggschiff T1 und dem offenen T 90. Noch nie haben wir die feinen Unterschiede der beiden Modelle deutlicher geh\u00f6rt: den eher auf Pr\u00e4zision gez\u00fcchteten, ungemein analytischen Klang des T1 auf der einen und das luftigere, gelegentlich fast l\u00e4ssigere Klangbild des T 90 auf der anderen Seite. Noch nie haben wir aber auch so deutlich geh\u00f6rt, was ein \u00fcberragender Kopfh\u00f6rer-Verst\u00e4rker den Ausg\u00e4ngen von Konfektionsger\u00e4ten voraushat: die wesentlich detailliertere Abbildung, die genauere Definition des Raums, die lebendigere Spielfreude, die gr\u00f6\u00dfere Klarheit der B\u00e4sse. Kurzum: Der A2 wird seinem Anspruch wirklich gerecht. Ob seine Anschaffung vern\u00fcnftig ist, muss nat\u00fcrlich auch die kritische W\u00fcrdigung des Kontostands entscheiden.<\/p>\n<div class=\"source\">Quelle: <a href=\"http:\/\/www.faz.net\/aktuell\/technik-motor\/audio-video\/kopfhoererverstaerker-von-beyerdynamic-des-kopfhoerers-reine-quelle-12967235.html\">http:\/\/www.faz.net\/aktuell\/technik-motor\/audio-video\/kopfhoererverstaerker-von-beyerdynamic-des-kopfhoerers-reine-quelle-12967235.html<\/a><\/div>\n","protected":false},"excerpt":{"rendered":"<p>Wer seinen Kopfh\u00f6rer liebt, versorgt ihn mit angemessener Lebensenergie. So sehen es jedenfalls Hersteller wie Beyerdynamic. A2 hei\u00dft ihr neuer High-End-Kopfh\u00f6rerverst\u00e4rker.<\/p>\n","protected":false},"author":1,"featured_media":50086,"comment_status":"open","ping_status":"open","sticky":false,"template":"","format":"standard","meta":{"footnotes":""},"categories":[486,454],"tags":[485],"class_list":["post-26271","post","type-post","status-publish","format-standard","has-post-thumbnail","hentry","category-audio-video","category-technik-motor","tag-kopfhorer"],"_links":{"self":[{"href":"https:\/\/de.newseurope.info\/index.php?rest_route=\/wp\/v2\/posts\/26271","targetHints":{"allow":["GET"]}}],"collection":[{"href":"https:\/\/de.newseurope.info\/index.php?rest_route=\/wp\/v2\/posts"}],"about":[{"href":"https:\/\/de.newseurope.info\/index.php?rest_route=\/wp\/v2\/types\/post"}],"author":[{"embeddable":true,"href":"https:\/\/de.newseurope.info\/index.php?rest_route=\/wp\/v2\/users\/1"}],"replies":[{"embeddable":true,"href":"https:\/\/de.newseurope.info\/index.php?rest_route=%2Fwp%2Fv2%2Fcomments&post=26271"}],"version-history":[{"count":0,"href":"https:\/\/de.newseurope.info\/index.php?rest_route=\/wp\/v2\/posts\/26271\/revisions"}],"wp:featuredmedia":[{"embeddable":true,"href":"https:\/\/de.newseurope.info\/index.php?rest_route=\/wp\/v2\/media\/50086"}],"wp:attachment":[{"href":"https:\/\/de.newseurope.info\/index.php?rest_route=%2Fwp%2Fv2%2Fmedia&parent=26271"}],"wp:term":[{"taxonomy":"category","embeddable":true,"href":"https:\/\/de.newseurope.info\/index.php?rest_route=%2Fwp%2Fv2%2Fcategories&post=26271"},{"taxonomy":"post_tag","embeddable":true,"href":"https:\/\/de.newseurope.info\/index.php?rest_route=%2Fwp%2Fv2%2Ftags&post=26271"}],"curies":[{"name":"wp","href":"https:\/\/api.w.org\/{rel}","templated":true}]}}