{"id":23771,"date":"2014-03-11T09:25:44","date_gmt":"2014-03-11T09:25:44","guid":{"rendered":"http:\/\/de.newseurope.info\/?p=23771"},"modified":"2014-03-11T09:25:44","modified_gmt":"2014-03-11T09:25:44","slug":"lumix-gx7-die-sucherkamera","status":"publish","type":"post","link":"https:\/\/de.newseurope.info\/?p=23771","title":{"rendered":"Lumix GX7: Die Sucherkamera"},"content":{"rendered":"<p>Panasonics Lumix GX7 ist ebenso komplex wie elegant. Ganz von fern erinnert die Formensprache an die Lumix L1, nur ist das aktuelle G-Modell viel zierlicher und aufger\u00e4umter als der historische Brocken.<\/p>\n<p><!--more--><\/p>\n<p>Anders als Wettbewerber wie etwa Fujifilm oder Olympus macht Panasonic mit seiner Kameramarke Lumix bei den spiegellosen Systemkameras nach dem Standard Micro-Four-Thirds (MFT) gestalterisch keine Anleihen bei der Vergangenheit. Die G-Serie von Lumix war die erste MFT-Baureihe des Marktes, und die allererste G sah aus wie eine kompakte Spiegelreflex. Inzwischen ist das Angebot weit aufgef\u00e4chert: Von der <a href=\"http:\/\/www.faz.net\/aktuell\/technik-motor\/audio-video\/lumix-dmc-gm1-von-panasonic-liebling-sie-haben-micro-4-3-geschrumpft-12770747.html\">besonders kleinen GM1<\/a> und der ebenfalls zierlichen GF6 reicht der Bogen bis zur nach wie vor einer DSLR \u00e4hnlich sehenden G6 und dem gleichfalls handfest erscheinenden 4K-Video-Profi GH4. Dazwischen existiert die GX7 als \u201ePremium-Qualit\u00e4t im Designgeh\u00e4use\u201c, wie Panasonic sich werbend ausdr\u00fcckt.<\/p>\n<p class=\"AutorenModul\"><span class=\"autorBox clearfix\" itemprop=\"author\">                                                <img title='Hans-Heinrich Pardey' height='55' alt='Hans-Heinrich Pardey' width='55' class='media left' src='http:\/\/media0.faz.net\/ppmedia\/redaktion\/815182321\/1.1126074\/avatarAuthor\/hans-heinrich-pardey-hp-py.jpg' \/><span class=\"autorTxt\"><a href=\"\/redaktion\/hans-heinrich-pardey-11104419.html\" title=\"Hans-Heinrich Pardey\" rel=\"author\">Autor: Hans-Heinrich Pardey, Jahrgang 1949, Redakteur im Ressort \u201eTechnik und Motor\u201c.<span class=\"Winkel\"> <\/span><\/a><span class=\"shareAutor\"><a onclick=\"follow_1_1104419()\" class=\"autorFolgen\" title=\"Hans-Heinrich Pardey folgen\"> <\/a>                    <\/span><\/span><\/span><\/p>\n<p>Von der GX7 wird formal keine Leica zitiert, geschweige denn eine analoge Lumix, denn die gab es ja nicht. Trotzdem entwickelt das an den f\u00fcr einen Rechtsh\u00e4nder richtigen Stellen zum einh\u00e4ndigen Halten angenehm gummierte Magnesiumgeh\u00e4use einen traditionell wirkenden Chic. Ganz von fern erinnert die Formensprache an die Lumix L1 aus dem Jahr 2006, nur ist das aktuelle G-Modell viel zierlicher und aufger\u00e4umter als der historische Brocken.<\/p>\n<p>Dass die GX7 eine Sucherkamera ist, erschlie\u00dft sich sofort, denn der bis in die Senkrechte stufenlos klappbare Sucher (2,76 Millionen Bildpunkte) ist \u00fcber dem zur Betrachtung von unten wie von oben &#8211; nicht ganz in die Waagrechte &#8211; neigbaren 3-Zoll-Display un\u00fcbersehbar. In Normalstellung ragt dieser ausgezeichnete Sucher rund zehn Millimeter \u00fcber die R\u00fcckseite des Geh\u00e4uses hinaus. Aber das st\u00f6rt eher optisch, als dass es tats\u00e4chlich hindern w\u00fcrde, die GX7 in eine Jackentasche zu stecken, wenn der Kamera &#8211; wie auf den Fotos &#8211; das lichtstarke Objektiv Lumix G 1:1,7\/20 mm ASPH angesetzt ist. Es entspricht einem 40-mm-Kleinbildobjektiv, was das \u201ePancake\u201c zu einem leicht weitwinkligen Normalobjektiv macht. Ein Ann\u00e4herungssensor schaltet um zwischen Sucher und Display. Das l\u00e4sst sich zum Beispiel mit der vierten von neun &#8211; wenn man f\u00fcnf virtuelle auf dem Touchscreen mitz\u00e4hlt &#8211; Funktionstasten dauerhaft abstellen. Meist wurde die GX7 am Auge benutzt. Dabei ist das mit weichen Kanten umgebene, vor der R\u00fcckwand stehende Okular nur angenehm.<\/p>\n<p>Wer in der Typenbezeichnung des Objektivs die von manchen anderen Lumix-Optiken gewohnten Buchstaben \u201eO.I.S.\u201c wie optische Bildstabilisierung vermisst, st\u00f6\u00dft damit auf eine weitere Besonderheit der GX7: Sie hat als erstes G-Modell die Bildstabilisierung im Geh\u00e4use eingebaut. In dem stecken bei einem Gewicht von 490 Gramm (mit Objektiv) sowohl ein Schnappteufelchen von Miniblitz (Leitzahl 5) wie ein &#8211; allerdings sehr nahe am Sucher plazierter &#8211; Blitzschuh, ein Fernausl\u00f6ser-Anschluss, USB 2.0 und HDMI mini als Schnittstellen, WiFi und NFC f\u00fcr die Kommunikation, 13 Szenenmodi und elf Digitalfilter und selbstverst\u00e4ndlich auch eine elektronische Wasserwaage.<\/p>\n<p><strong>Elektronischer Verschluss zum leisen Fotografieren<\/strong><\/p>\n<p>Der 17,3 \u00d7 13 Millimeter messende 16-Megapixel-Sensor liefert maximal 4592 \u00d7 3448 Bildpunkte gro\u00dfe Bilder und vom internen Mikrophon stereo vertonte Full-HD-Videos (MP4 und AVCHD). Der Knopf, der das Filmen ausl\u00f6st, sitzt ebenso prominent wie erfreulicherweise gegen Fehlbedienung taktil getarnt neben dem Fotoausl\u00f6ser. Der Schlitzverschluss schafft 1\/8000 Sekunde und neun Bilder in Serie mit f\u00fcnf Bildern in der Sekunde. Es l\u00e4sst sich &#8211; etwa zu v\u00f6llig leisem Fotografieren &#8211; auf den elektronischen Verschluss umschalten. Selbstverst\u00e4ndlich kann die GX7 Rohdaten parallel mit Jpegs speichern. Beim Einschalten wie beim Scharfstellen legt sie ein flottes Tempo vor.<\/p>\n<p>Sich durch die rund 380 Seiten der Bedienungsanleitung zu arbeiten, kann sich ersparen, wer in den vollautomatischen iA-Modus schaltet. Die Bildergebnisse werden sicherlich mehr als zufriedenstellen. Aber wer sich f\u00fcr rund 1000 Euro ein Kit wie das ausprobierte leistet, will nat\u00fcrlich mit den Einstellm\u00f6glichkeiten spielen und seine Bilder selbst gestalten. Dabei kommt heraus, dass man sich diese Kamera in schier unglaublichem Ma\u00df \u201ezurechtschneidern\u201c kann: Ich kann pers\u00f6nlich bevorzugte Funktionen auf die gew\u00fcnschten Bedienelemente legen und mit insgesamt f\u00fcnf benutzerspezifischen Konfigurationen sozusagen f\u00fcnf ziemlich verschiedene Kameras mit der einen GX7 parat haben.<\/p>\n<p class=\"BoxTitle\" id=\"NotLoggedIn_1_1104419\">Bitte melden Sie sich zun\u00e4chst <a href=\"\/mein-faz-net\/?redirectUrl=%2Faktuell%2Ftechnik-motor%2Faudio-video%2Flumix-gx7-die-sucherkamera-12839188.html\">hier<\/a> an.<\/p>\n<p class=\"BoxTitle\" id=\"LoggedInAlreadyAdded_1_1104419\">Sie folgen Hans-Heinrich Pardey bereits.<\/p>\n<p class=\"BoxTitle\" id=\"LoggedInNew_1_1104419\">Sie folgen jetzt Hans-Heinrich Pardey.<\/p>\n<p class=\"Small\" id=\"LoggedIn_1_1104419\">Eine \u00dcbersicht aller Autoren und Leser, denen Sie folgen, finden Sie unter dem Men\u00fcpunkt <a href=\"\/mein-faz-net\/meine-autoren\/\">&#8222;Meine Autoren&#8220;<\/a> bei Mein FAZ.NET.<\/p>\n<p class=\"BoxTitle ErrMsg\" id=\"error_1_1104419\">Die Aktion konnte nicht durchgef\u00fchrt werden. Es trat ein Fehler auf.<\/p>\n<div class=\"source\">Quelle: <a href=\"http:\/\/www.faz.net\/aktuell\/technik-motor\/audio-video\/lumix-gx7-die-sucherkamera-12839188.html\">http:\/\/www.faz.net\/aktuell\/technik-motor\/audio-video\/lumix-gx7-die-sucherkamera-12839188.html<\/a><\/div>\n","protected":false},"excerpt":{"rendered":"<p>Panasonics Lumix GX7 ist ebenso komplex wie elegant. Ganz von fern erinnert die Formensprache an die Lumix L1, nur ist das aktuelle G-Modell viel zierlicher und aufger\u00e4umter als der historische Brocken.<\/p>\n","protected":false},"author":1,"featured_media":50086,"comment_status":"open","ping_status":"open","sticky":false,"template":"","format":"standard","meta":{"footnotes":""},"categories":[486,454],"tags":[1113,1373,1374,1389,856],"class_list":["post-23771","post","type-post","status-publish","format-standard","has-post-thumbnail","hentry","category-audio-video","category-technik-motor","tag-anleihe","tag-fujifilm","tag-leica","tag-lumix","tag-panasonic"],"_links":{"self":[{"href":"https:\/\/de.newseurope.info\/index.php?rest_route=\/wp\/v2\/posts\/23771","targetHints":{"allow":["GET"]}}],"collection":[{"href":"https:\/\/de.newseurope.info\/index.php?rest_route=\/wp\/v2\/posts"}],"about":[{"href":"https:\/\/de.newseurope.info\/index.php?rest_route=\/wp\/v2\/types\/post"}],"author":[{"embeddable":true,"href":"https:\/\/de.newseurope.info\/index.php?rest_route=\/wp\/v2\/users\/1"}],"replies":[{"embeddable":true,"href":"https:\/\/de.newseurope.info\/index.php?rest_route=%2Fwp%2Fv2%2Fcomments&post=23771"}],"version-history":[{"count":0,"href":"https:\/\/de.newseurope.info\/index.php?rest_route=\/wp\/v2\/posts\/23771\/revisions"}],"wp:featuredmedia":[{"embeddable":true,"href":"https:\/\/de.newseurope.info\/index.php?rest_route=\/wp\/v2\/media\/50086"}],"wp:attachment":[{"href":"https:\/\/de.newseurope.info\/index.php?rest_route=%2Fwp%2Fv2%2Fmedia&parent=23771"}],"wp:term":[{"taxonomy":"category","embeddable":true,"href":"https:\/\/de.newseurope.info\/index.php?rest_route=%2Fwp%2Fv2%2Fcategories&post=23771"},{"taxonomy":"post_tag","embeddable":true,"href":"https:\/\/de.newseurope.info\/index.php?rest_route=%2Fwp%2Fv2%2Ftags&post=23771"}],"curies":[{"name":"wp","href":"https:\/\/api.w.org\/{rel}","templated":true}]}}