{"id":23429,"date":"2014-02-28T16:19:46","date_gmt":"2014-02-28T16:19:46","guid":{"rendered":"http:\/\/de.newseurope.info\/?p=23429"},"modified":"2014-02-28T16:19:46","modified_gmt":"2014-02-28T16:19:46","slug":"sony-alpha-7-vollformat-im-kleinformat","status":"publish","type":"post","link":"https:\/\/de.newseurope.info\/?p=23429","title":{"rendered":"Sony Alpha 7: Vollformat im Kleinformat"},"content":{"rendered":"<p>Sony steckt gro\u00dfe Sensoren in spiegellose Kameras: Die Alpha 7 punktet mit ihrer anderen Systemkameras \u00fcberlegenen Bildqualit\u00e4t &#8211; ihr Preis von 1700 Euro ist aber auch konkurrenzlos.<\/p>\n<p><!--more--><\/p>\n<p>Wer von der Sony Alpha 7 (oder: A7) das Objektiv abnimmt, bekommt einen Schreck: So gro\u00df und so dicht hinter dem Rand des Bajonetts befindet sich wie geradezu nackt der 24-Megapixel-Vollformat-Sensor. Wo man bislang einen solchen Sensor von der Gr\u00f6\u00dfe eines Kleinbild-Dias (oder -Negativs) in einer DSLR antraf, entzog ihn zun\u00e4chst der Schwingspiegel dem Blick, und nach dessen Hochklappen lag die spiegelnde Fl\u00e4che des Sensors tiefer, deutlicher besch\u00fctzt im Innern des Geh\u00e4uses. Und dieses war stets um einiges gr\u00f6\u00dfer, als es die A7 und ihr Schwestermodell, die A7R mit dem 36-Megapixel-Vollformatsensor, sind. Von nun an ist nicht mehr das APS-C-Format (meist 15,8 \u00d7 23,6 Millimeter) das Ma\u00df der Dinge bei den spiegellosen Systemkameras, sondern die knapp 24 \u00d7 36 Millimeter, die im kompakten Body der A7 noch ein wenig gr\u00f6\u00dfer wirken, als sie sind.<\/p>\n<p class=\"AutorenModul\"><span class=\"autorBox clearfix\" itemprop=\"author\">                                                <img title='Hans-Heinrich Pardey' height='55' alt='Hans-Heinrich Pardey' width='55' class='media left' src='http:\/\/media0.faz.net\/ppmedia\/redaktion\/815182321\/1.1126074\/avatarAuthor\/hans-heinrich-pardey-hp-py.jpg' \/><span class=\"autorTxt\"><a href=\"\/redaktion\/hans-heinrich-pardey-11104419.html\" title=\"Hans-Heinrich Pardey\" rel=\"author\">Autor: Hans-Heinrich Pardey, Jahrgang 1949, Redakteur im Ressort \u201eTechnik und Motor\u201c.<span class=\"Winkel\"> <\/span><\/a><span class=\"shareAutor\"><a onclick=\"follow_1_1104419()\" class=\"autorFolgen\" title=\"Hans-Heinrich Pardey folgen\"> <\/a>                    <\/span><\/span><\/span><\/p>\n<p>F\u00fcr besonders klein und leicht k\u00f6nnen Sonys neue Vollformat-Kameras aber nur gegen\u00fcber ausgewachsenen DSLRs gelten: Mit dem Kit-Objektiv FE 1:3,5-5,6\/28-70mm komplett knapp 800 Gramm auf die Waage bringend ist die A7 auch durch den Preis von rund 1700 Euro als Vollformat-Kamera konkurrenzlos. Unter ihresgleichen, den DSLMs (wie Digital Single Lens Mirrorless), sind sie und die A7R &#8211; nicht zuletzt durch die vom Sensorformat diktierte Gr\u00f6\u00dfe der Wechseloptiken &#8211; nette Brocken. Deren Handlichkeit l\u00e4sst nichts zu w\u00fcnschen \u00fcbrig, was ebenso f\u00fcr die nicht wenigen, aber \u00fcber die Kamera sehr gut verteilten und vielfach vom Benutzer nach eigenem Geschmack konfigurierbaren Bedienelemente gilt. Die ausgezeichnet griffige Haptik der A7, die damit professionellen Anspr\u00fcchen gen\u00fcgt, hat nur die Kehrseite, dass sich die gummierten Fl\u00e4chen am wetterfesten Geh\u00e4use und Objektiv Staub und Kr\u00fcmel krallen, um sie nicht so schnell wieder herzugeben.<\/p>\n<h2>Was l\u00e4sst sich an der A7 vermissen?<\/h2>\n<p>Der wesentliche Unterschied zu einer Spiegelreflex offenbart sich beim Blick durch den Sucher: Der zeigt kein vom Prisma umgekehrt gespiegeltes Bild, sondern l\u00e4sst auf einen kleinen Monitor blicken, dessen mit so vielen (und so wenigen) Einblendungen wie gew\u00fcnscht zu bereichernde Ansicht nur als hervorragend zu bezeichnen ist. Dieser EVF (Electronic Viewfinder) straft alle L\u00fcgen, die immer noch davon unken, ein elektronischer Sucher tauge nicht zur Bildbeurteilung. Selbstverst\u00e4ndlich kann man mit der A7 auch am ausgestreckten Arm fotografieren und dabei das kippbare, ebenfalls fein zeichnende Display benutzen.<\/p>\n<p>Was k\u00f6nnen DSLRs nach landl\u00e4ufiger \u00dcberzeugung au\u00dferdem besser als DSLMs? Ihr Autofokus sei schneller, hei\u00dft es, obwohl das l\u00e4ngst nicht mehr uneingeschr\u00e4nkt f\u00fcr alle und jede gilt. Auch in diesem Punkt braucht sich die Sony A7 nicht zu verstecken: Mit ihren 117 auf dem Sensor untergebrachten Messpunkten legt sie mittels Phasendetektion ein ordentliches Tempo vor. So richtig punktet die A7 aber nicht mit ihrer &#8211; bis auf die kamerainterne Bildbearbeitung &#8211; vollst\u00e4ndigen und komplexen Ausstattung, sondern einfach mit ihrer \u00fcberlegenen Bildqualit\u00e4t. Und die erscheint nicht einfach blo\u00df der schieren Gr\u00f6\u00dfe des Sensors geschuldet.<\/p>\n<p>Was l\u00e4sst sich an der A7 vermissen? Mehr als ein eingebauter Blitz eine ins Geh\u00e4use integrierte Bildstabilisierung, die das Kitobjektiv allerdings mitbringt. Vor allem aber w\u00fcnscht man sich mehr Objektive mit dem K\u00fcrzel FE, das die Tauglichkeit f\u00fcr den Vollformatsensor bedeutet. Sich mit einem Adapter zu behelfen ist keine gute L\u00f6sung f\u00fcr den, der mit dieser Kamera ins Vollformat einsteigt.<\/p>\n<p class=\"BoxTitle\" id=\"NotLoggedIn_1_1104419\">Bitte melden Sie sich zun\u00e4chst <a href=\"\/mein-faz-net\/?redirectUrl=%2Faktuell%2Ftechnik-motor%2Faudio-video%2Fsony-alpha-7-vollformat-im-kleinformat-12817183.html\">hier<\/a> an.<\/p>\n<p class=\"BoxTitle\" id=\"LoggedInAlreadyAdded_1_1104419\">Sie folgen Hans-Heinrich Pardey bereits.<\/p>\n<p class=\"BoxTitle\" id=\"LoggedInNew_1_1104419\">Sie folgen jetzt Hans-Heinrich Pardey.<\/p>\n<p class=\"Small\" id=\"LoggedIn_1_1104419\">Eine \u00dcbersicht aller Autoren und Leser, denen Sie folgen, finden Sie unter dem Men\u00fcpunkt <a href=\"\/mein-faz-net\/meine-autoren\/\">&#8222;Meine Autoren&#8220;<\/a> bei Mein FAZ.NET.<\/p>\n<p class=\"BoxTitle ErrMsg\" id=\"error_1_1104419\">Die Aktion konnte nicht durchgef\u00fchrt werden. Es trat ein Fehler auf.<\/p>\n<div class=\"source\">Quelle: <a href=\"http:\/\/www.faz.net\/aktuell\/technik-motor\/audio-video\/sony-alpha-7-vollformat-im-kleinformat-12817183.html\">http:\/\/www.faz.net\/aktuell\/technik-motor\/audio-video\/sony-alpha-7-vollformat-im-kleinformat-12817183.html<\/a><\/div>\n","protected":false},"excerpt":{"rendered":"<p>Sony steckt gro\u00dfe Sensoren in spiegellose Kameras: Die Alpha 7 punktet mit ihrer anderen Systemkameras \u00fcberlegenen Bildqualit\u00e4t &#8211; ihr Preis von 1700 Euro ist aber auch konkurrenzlos.<\/p>\n","protected":false},"author":1,"featured_media":50086,"comment_status":"open","ping_status":"open","sticky":false,"template":"","format":"standard","meta":{"footnotes":""},"categories":[486,454],"tags":[507],"class_list":["post-23429","post","type-post","status-publish","format-standard","has-post-thumbnail","hentry","category-audio-video","category-technik-motor","tag-sony"],"_links":{"self":[{"href":"https:\/\/de.newseurope.info\/index.php?rest_route=\/wp\/v2\/posts\/23429","targetHints":{"allow":["GET"]}}],"collection":[{"href":"https:\/\/de.newseurope.info\/index.php?rest_route=\/wp\/v2\/posts"}],"about":[{"href":"https:\/\/de.newseurope.info\/index.php?rest_route=\/wp\/v2\/types\/post"}],"author":[{"embeddable":true,"href":"https:\/\/de.newseurope.info\/index.php?rest_route=\/wp\/v2\/users\/1"}],"replies":[{"embeddable":true,"href":"https:\/\/de.newseurope.info\/index.php?rest_route=%2Fwp%2Fv2%2Fcomments&post=23429"}],"version-history":[{"count":0,"href":"https:\/\/de.newseurope.info\/index.php?rest_route=\/wp\/v2\/posts\/23429\/revisions"}],"wp:featuredmedia":[{"embeddable":true,"href":"https:\/\/de.newseurope.info\/index.php?rest_route=\/wp\/v2\/media\/50086"}],"wp:attachment":[{"href":"https:\/\/de.newseurope.info\/index.php?rest_route=%2Fwp%2Fv2%2Fmedia&parent=23429"}],"wp:term":[{"taxonomy":"category","embeddable":true,"href":"https:\/\/de.newseurope.info\/index.php?rest_route=%2Fwp%2Fv2%2Fcategories&post=23429"},{"taxonomy":"post_tag","embeddable":true,"href":"https:\/\/de.newseurope.info\/index.php?rest_route=%2Fwp%2Fv2%2Ftags&post=23429"}],"curies":[{"name":"wp","href":"https:\/\/api.w.org\/{rel}","templated":true}]}}