{"id":23302,"date":"2014-02-18T10:51:36","date_gmt":"2014-02-18T10:51:36","guid":{"rendered":"http:\/\/de.newseurope.info\/?p=23302"},"modified":"2014-02-18T10:51:36","modified_gmt":"2014-02-18T10:51:36","slug":"digitalkameras-die-frauenversteher","status":"publish","type":"post","link":"https:\/\/de.newseurope.info\/?p=23302","title":{"rendered":"Digitalkameras: Die Frauenversteher"},"content":{"rendered":"<p>Ticken Frauen auch beim Fotografieren anders als M\u00e4nner? Was wollen Frauen von ihrer Digitalkamera? Was wollen sie nicht? Kann man, muss man f\u00fcr sie spezielle Frauenkameras bauen?<\/p>\n<p><!--more--><\/p>\n<p>Ein Mann zeigt einem anderen seine sch\u00f6nsten Fotos. Man kann darauf wetten, dass irgendwann die Frage kommt: \u201eMit welcher Kamera sind die gemacht worden?\u201c Der Fotograf wird das meist genau wissen, h\u00e4ufig einschlie\u00dflich solcher Details wie Objektivbrennweite und Einstellungen von Zeit und Blende. Bei kaum einer anderen Liebhaberei als dem Fotografieren wird dem Werkzeug solch eine Wichtigkeit beigemessen \u2013 vorwiegend von M\u00e4nnern. Wenn Frauen ihre Fotos zeigen, dann geht es fast ausschlie\u00dflich um die Bildinhalte, um das \u201eS\u00fc-\u00fc\u00df!\u201c auch noch bei der zehnten Aufnahme des Katzenbabys. Wehe, Mann mischt sich ein: \u201eToll, jedes Schnurrbarthaar gestochen scharf. Was f\u00fcr eine Kamera haben Sie benutzt?\u201c Dann bekommt man nicht selten Antworten der Art: \u201eIch habe so eine kleine rote.\u201c Und die Nachfrage wegen der Marke zeitigt Ratlosigkeit: \u201eCanon? Nikon? Ehrlich gesagt, ich wei\u00df es nicht.\u201c<\/p>\n<p class=\"AutorenModul\"><span class=\"autorBox clearfix\" itemprop=\"author\">                                                <img title='Hans-Heinrich Pardey' height='55' alt='Hans-Heinrich Pardey' width='55' class='media left' src='http:\/\/media0.faz.net\/ppmedia\/redaktion\/815182321\/1.1126074\/avatarAuthor\/hans-heinrich-pardey-hp-py.jpg' \/><span class=\"autorTxt\"><a href=\"\/redaktion\/hans-heinrich-pardey-11104419.html\" title=\"Hans-Heinrich Pardey\" rel=\"author\">Autor: Hans-Heinrich Pardey, Jahrgang 1949, Redakteur im Ressort \u201eTechnik und Motor\u201c.<span class=\"Winkel\"> <\/span><\/a><span class=\"shareAutor\"><a onclick=\"follow_1_1104419()\" class=\"autorFolgen\" title=\"Hans-Heinrich Pardey folgen\"> <\/a>                    <\/span><\/span><\/span><\/p>\n<p>Diese Szenarien sind selbstverst\u00e4ndlich klischeehaft: Es gibt M\u00e4nner, die ihre Kameraautomatiken alles allein machen lassen und sich einfach an den guten Ergebnissen freuen. Manche Frauen k\u00f6nnen die technischen Daten ihrer Ausr\u00fcstung und Aufnahmen herunterbeten wie ein Kochrezept f\u00fcr Gem\u00fcsebr\u00fche. Aber wenn sie sich denn \u00fcberhaupt f\u00fcr eine Kamera interessieren und nicht die entsprechende Funktion ihres Smartphones f\u00fcr v\u00f6llig ausreichend halten, sind Frauen eine Kundschaft, die von Herstellern und Handel ganz anders umworben sein will als die m\u00e4nnliche Minderheit. Bei den Kamerak\u00e4ufern macht diese allerdings die erdr\u00fcckende Mehrheit aus: bei manchen Kameramodellen weit \u00fcber 90 Prozent.<\/p>\n<h2>Klein, leicht, simpel und pink?<\/h2>\n<p>Stimmt nun das Vorurteil, dass Kameras f\u00fcr Frauen klein, leicht, simpel und am besten pink sein sollten? F\u00fcr solche Fragen gibt es einen kompetenten Gespr\u00e4chspartner in Hamburg. Akihiko Murata ist General Manager Consumer Products der Region Central Europe von Olympus. Zweimal in der Unternehmensgeschichte hatte Olympus besonderes Gl\u00fcck bei Frauen, in den sechziger Jahren des vergangenen Jahrhunderts und 50Jahre sp\u00e4ter, also aktuell. Beide Male hie\u00df die Kameraserie, die besonders bei Frauen punktete: Pen. Also hat Olympus den Bogen raus, spezielle Frauenkameras zu bauen? Der junge Japaner sch\u00fcttelt den Kopf: \u201eFrauen definieren, was eine Frauenkamera ist, und wollen keine von uns vorgesetzt bekommen.\u201c Und er zieht einen Flop als Vergleich heran: \u201eKinder wollen auch keine Tigerentenkamera.\u201c<\/p>\n<p>Dann schildert er den Ansatz, den Olympus seit rund drei Jahren verfolgt. Dass es einzelne Kameramodelle gibt, die von signifikant mehr Frauen benutzt werden als der Bauart nach \u00e4hnliche, wei\u00df der Hersteller. So betrug die Quote der Besitzerinnen bei der Pen E-P2 rund 10 Prozent in Europa, bei der E-PM1 und der E-PM2 jedoch 27 und 26 Prozent. An solche Zahlen gelangt man ohne eigentliche Marktforschung etwa durch die Auswertung der Registrierung, mit der die K\u00e4ufer ihre Kameras beim Hersteller anmelden, um Firmware-Aktualisierungen zu erhalten. Auf Facebook sind die Olympus-Fans zu 35 Prozent weiblich.<\/p>\n<p>Das M der Typenbezeichnung E-PM1 stand f\u00fcr Mini: Ihr Geh\u00e4use, das es in sechs Farben gab, darunter wei\u00df, schokobraun und fliederfarben, ist kleiner und leichter als das E-P2, hat aber das gleiche Objektiv-Bajonett. Mit der E-PL1 wurde der Live Guide eingef\u00fchrt: Mit virtuellen Schiebereglern auf dem Touchscreen lie\u00dfen sich die Farbs\u00e4ttigung, die Farbstimmung und die Helligkeit \u00e4ndern, man konnte den Hintergrund unscharf werden lassen und mit Wischeffekten Bewegung ins Bild bringen. Dazu musste man nichts von Tiefensch\u00e4rfe oder Verschlusszeit wissen, es gen\u00fcgte, den Schieber am Bildrand mit der Fingerspitze zu bewegen.<\/p>\n<p class=\"BoxTitle\" id=\"NotLoggedIn_1_1104419\">Bitte melden Sie sich zun\u00e4chst <a href=\"\/mein-faz-net\/?redirectUrl=%2Faktuell%2Ftechnik-motor%2Faudio-video%2Fdigitalkameras-die-frauenversteher-12806081.html\">hier<\/a> an.<\/p>\n<p class=\"BoxTitle\" id=\"LoggedInAlreadyAdded_1_1104419\">Sie folgen Hans-Heinrich Pardey bereits.<\/p>\n<p class=\"BoxTitle\" id=\"LoggedInNew_1_1104419\">Sie folgen jetzt Hans-Heinrich Pardey.<\/p>\n<p class=\"Small\" id=\"LoggedIn_1_1104419\">Eine \u00dcbersicht aller Autoren und Leser, denen Sie folgen, finden Sie unter dem Men\u00fcpunkt <a href=\"\/mein-faz-net\/meine-autoren\/\">&#8222;Meine Autoren&#8220;<\/a> bei Mein FAZ.NET.<\/p>\n<p class=\"BoxTitle ErrMsg\" id=\"error_1_1104419\">Die Aktion konnte nicht durchgef\u00fchrt werden. Es trat ein Fehler auf.<\/p>\n<div class=\"source\">Quelle: <a href=\"http:\/\/www.faz.net\/aktuell\/technik-motor\/audio-video\/digitalkameras-die-frauenversteher-12806081.html\">http:\/\/www.faz.net\/aktuell\/technik-motor\/audio-video\/digitalkameras-die-frauenversteher-12806081.html<\/a><\/div>\n","protected":false},"excerpt":{"rendered":"<p>Ticken Frauen auch beim Fotografieren anders als M\u00e4nner? Was wollen Frauen von ihrer Digitalkamera? Was wollen sie nicht? Kann man, muss man f\u00fcr sie spezielle Frauenkameras bauen?<\/p>\n","protected":false},"author":1,"featured_media":50086,"comment_status":"open","ping_status":"open","sticky":false,"template":"","format":"standard","meta":{"footnotes":""},"categories":[486,454],"tags":[1387,1388,260,701,1390],"class_list":["post-23302","post","type-post","status-publish","format-standard","has-post-thumbnail","hentry","category-audio-video","category-technik-motor","tag-canon","tag-digitalkamera","tag-hamburg","tag-japan","tag-nikon"],"_links":{"self":[{"href":"https:\/\/de.newseurope.info\/index.php?rest_route=\/wp\/v2\/posts\/23302","targetHints":{"allow":["GET"]}}],"collection":[{"href":"https:\/\/de.newseurope.info\/index.php?rest_route=\/wp\/v2\/posts"}],"about":[{"href":"https:\/\/de.newseurope.info\/index.php?rest_route=\/wp\/v2\/types\/post"}],"author":[{"embeddable":true,"href":"https:\/\/de.newseurope.info\/index.php?rest_route=\/wp\/v2\/users\/1"}],"replies":[{"embeddable":true,"href":"https:\/\/de.newseurope.info\/index.php?rest_route=%2Fwp%2Fv2%2Fcomments&post=23302"}],"version-history":[{"count":0,"href":"https:\/\/de.newseurope.info\/index.php?rest_route=\/wp\/v2\/posts\/23302\/revisions"}],"wp:featuredmedia":[{"embeddable":true,"href":"https:\/\/de.newseurope.info\/index.php?rest_route=\/wp\/v2\/media\/50086"}],"wp:attachment":[{"href":"https:\/\/de.newseurope.info\/index.php?rest_route=%2Fwp%2Fv2%2Fmedia&parent=23302"}],"wp:term":[{"taxonomy":"category","embeddable":true,"href":"https:\/\/de.newseurope.info\/index.php?rest_route=%2Fwp%2Fv2%2Fcategories&post=23302"},{"taxonomy":"post_tag","embeddable":true,"href":"https:\/\/de.newseurope.info\/index.php?rest_route=%2Fwp%2Fv2%2Ftags&post=23302"}],"curies":[{"name":"wp","href":"https:\/\/api.w.org\/{rel}","templated":true}]}}