{"id":20211,"date":"2013-11-21T15:59:27","date_gmt":"2013-11-21T15:59:27","guid":{"rendered":"http:\/\/de.newseurope.info\/?p=20211"},"modified":"2013-11-21T15:59:27","modified_gmt":"2013-11-21T15:59:27","slug":"union-und-spd-wollen-erstmals-hauptausschuss-einsetzen","status":"publish","type":"post","link":"https:\/\/de.newseurope.info\/?p=20211","title":{"rendered":"Union und SPD wollen erstmals Hauptausschuss einsetzen"},"content":{"rendered":"<p>Auf einer Sondersitzung in der n\u00e4chsten Woche wird der Bundestag zum ersten Mal einen Hauptausschuss einsetzen. Grund ist die Verz\u00f6gerung der Regierungsbildung.<\/p>\n<p><!--more--><\/p>\n<p class=\"First\">Der Bundestag wird nach dem Willen von CDU\/CSU und SPD erstmals einen Hauptausschuss einsetzen, um bis in das neue Jahr hinein vor\u00fcbergehend die Arbeitsf\u00e4higkeit des Parlaments zu gew\u00e4hrleisten. Bundestagspr\u00e4sident Norbert Lammert (CDU) teilte am Mittwoch nach einer Sitzung des \u00c4ltestenrates mit, auf einer Sondersitzung am Donnerstag n\u00e4chster Woche, die urspr\u00fcnglich von der Fraktion der Gr\u00fcnen beantragt worden war, solle die Einsetzung eines Hauptausschusses beschlossen werden. Dieser Ausschuss soll die Beratung von Gesetzen und Antr\u00e4gen so lange \u00fcbernehmen, bis &#8211; nach der Bildung einer Bundesregierung &#8211; die Fachaussch\u00fcsse konstituiert werden, in denen Beratung \u00fcber Vorlagen zwischen den Lesungen im Plenum normalerweise stattfindet.<\/p>\n<p>Die Einrichtung der Fachaussch\u00fcsse h\u00e4ngt aus zwei Gr\u00fcnden von der Bildung der Bundesregierung ab: Erstens bilden die Aussch\u00fcsse meist die einzelnen Ressorts der Bundesregierung ab- sollten Bundesministerien im Zuge der Koalitionsverhandlungen geteilt oder zusammengelegt werden, k\u00f6nnte das die Bildung von Aussch\u00fcssen beeinflussen. Zweitens k\u00f6nnen auf die \u00c4mter der Ausschussvorsitzenden nur Abgeordnete berufen werden, die nicht als Minister oder Parlamentarische Staatssekret\u00e4re mit Regierungsfunktionen betraut worden sind.<\/p>\n<h2>\u201eAmputation des Parlaments\u201c<\/h2>\n<p>W\u00e4hrend die Unionsfraktion die Gr\u00fcndung eines Hauptausschusses als \u201ehervorragende, umfassende und praktikable L\u00f6sung\u201c lobte, blieben die Gr\u00fcnen bei der skeptischen Bewertung, die Idee sei allenfalls \u201evor\u00fcbergehend sinnvoll\u201c- die Linkspartei lehnte das Vorhaben als \u201eAmputation des Parlaments\u201c ab. Ihre Erste Parlamentarische Gesch\u00e4ftsf\u00fchrerin Petra Sitte sagte, der vorgeschlagene Hauptausschuss bilde Plenardebatten lediglich \u201eim Bonsaiformat\u201c ab. Er k\u00f6nne nicht die grundgesetzlich vorgeschriebenen Aussch\u00fcsse ersetzen. Der Erste Parlamentarische Gesch\u00e4ftsf\u00fchrer der Unionsfraktion, Michael Grosse-Br\u00f6mer, sagte hingegen, der Hauptausschuss werde vierzig Abgeordnete aus verschiedenen fachpolitischen Feldern umfassen. Damit sei der Bundestag f\u00fcr die Phase des \u00dcbergangs gewappnet.<\/p>\n<p>Die Gr\u00fcnen hatten die Einsetzung eines Hauptausschusses urspr\u00fcnglich vorgeschlagen, um zwei eilbed\u00fcrftige Vorlagen aus dem Bundesrat im Bundestag beraten und verabschieden zu k\u00f6nnen. Wenn nun aber der Hauptausschuss mit allen m\u00f6glichen Vorlagen befasst werden und quasi die ordentlichen Aussch\u00fcsse ersetzen solle, dann f\u00fchre dies entschieden zu weit, sagte die Parlamentarische Gesch\u00e4ftsf\u00fchrerin der Gr\u00fcnen, Britta Ha\u00dfelmann.<\/p>\n<p>Nach dem Willen von Union und SPD wird sich der Hauptausschuss zun\u00e4chst voraussichtlich mit der Verl\u00e4ngerung von zwei Bundeswehr-Eins\u00e4tzen (Darfur und S\u00fcdsudan) und mit Entschlie\u00dfungsantr\u00e4gen zum NSA-Abh\u00f6rskandal befassen. M\u00f6glicherweise w\u00fcrde ihm auch die Beratung einer Gesetzes\u00e4nderung zufallen, mit der die k\u00fcnftigen Koalitionspartner die f\u00e4llige Senkung der Rentenbeitr\u00e4ge verhindern wollen.<\/p>\n<div class=\"source\">Quelle: <a href=\"http:\/\/www.faz.net\/aktuell\/politik\/inland\/bundestag-union-und-spd-wollen-erstmals-hauptausschuss-einsetzen-12673688.html\">http:\/\/www.faz.net\/aktuell\/politik\/inland\/bundestag-union-und-spd-wollen-erstmals-hauptausschuss-einsetzen-12673688.html<\/a><\/div>\n","protected":false},"excerpt":{"rendered":"<p>Auf einer Sondersitzung in der n\u00e4chsten Woche wird der Bundestag zum ersten Mal einen Hauptausschuss einsetzen. Grund ist die Verz\u00f6gerung der Regierungsbildung.<\/p>\n","protected":false},"author":1,"featured_media":50086,"comment_status":"open","ping_status":"open","sticky":false,"template":"","format":"standard","meta":{"footnotes":""},"categories":[2058,33,21],"tags":[292,293,296,306,365,1398,307],"class_list":["post-20211","post","type-post","status-publish","format-standard","has-post-thumbnail","hentry","category-home","category-inland","category-politik","tag-berlin","tag-bundesregierung","tag-bundestag","tag-cdu","tag-csu","tag-norbert-lammert","tag-spd"],"_links":{"self":[{"href":"https:\/\/de.newseurope.info\/index.php?rest_route=\/wp\/v2\/posts\/20211","targetHints":{"allow":["GET"]}}],"collection":[{"href":"https:\/\/de.newseurope.info\/index.php?rest_route=\/wp\/v2\/posts"}],"about":[{"href":"https:\/\/de.newseurope.info\/index.php?rest_route=\/wp\/v2\/types\/post"}],"author":[{"embeddable":true,"href":"https:\/\/de.newseurope.info\/index.php?rest_route=\/wp\/v2\/users\/1"}],"replies":[{"embeddable":true,"href":"https:\/\/de.newseurope.info\/index.php?rest_route=%2Fwp%2Fv2%2Fcomments&post=20211"}],"version-history":[{"count":0,"href":"https:\/\/de.newseurope.info\/index.php?rest_route=\/wp\/v2\/posts\/20211\/revisions"}],"wp:featuredmedia":[{"embeddable":true,"href":"https:\/\/de.newseurope.info\/index.php?rest_route=\/wp\/v2\/media\/50086"}],"wp:attachment":[{"href":"https:\/\/de.newseurope.info\/index.php?rest_route=%2Fwp%2Fv2%2Fmedia&parent=20211"}],"wp:term":[{"taxonomy":"category","embeddable":true,"href":"https:\/\/de.newseurope.info\/index.php?rest_route=%2Fwp%2Fv2%2Fcategories&post=20211"},{"taxonomy":"post_tag","embeddable":true,"href":"https:\/\/de.newseurope.info\/index.php?rest_route=%2Fwp%2Fv2%2Ftags&post=20211"}],"curies":[{"name":"wp","href":"https:\/\/api.w.org\/{rel}","templated":true}]}}