{"id":20089,"date":"2013-11-19T14:36:21","date_gmt":"2013-11-19T14:36:21","guid":{"rendered":"http:\/\/de.newseurope.info\/?p=20089"},"modified":"2013-11-19T14:36:21","modified_gmt":"2013-11-19T14:36:21","slug":"neuer-arbeitgeberchef-vollbeschaftigung-in-deutschland-moglich","status":"publish","type":"post","link":"https:\/\/de.newseurope.info\/?p=20089","title":{"rendered":"Neuer Arbeitgeberchef: Vollbesch\u00e4ftigung in Deutschland m\u00f6glich"},"content":{"rendered":"<p>Nach Jahrzehnten hoher Arbeitslosenzahlen sei Vollbesch\u00e4ftigung bald wieder m\u00f6glich, sagt der neue Arbeitgeberchef Ingo Kramer. Viele Pl\u00e4ne aus den schwarz-roten Koalitionsverhandlungen machen ihm aber Sorgen &#8211; vor allem der Mindestlohn.<\/p>\n<p><!--more--><\/p>\n<p class=\"First\">Der sich anbahnende sozialpolitische <a href=\"http:\/\/www.faz.net\/aktuell\/wirtschaft\/wirtschaftspolitik\/koalitionsverhandlungen-schwarz-rote-plaene-schaden-der-wirtschaft-12670325.html\">Kurs einer schwarz-roten Bundesregierung<\/a> gef\u00e4hrdet die in Deutschland angestrebte Vollbesch\u00e4ftigung. Das sagte der neue Arbeitgeberpr\u00e4sident Ingo Kramer in Berlin w\u00e4hrend des Verbandstreffens. Vollbesch\u00e4ftigung hierzulande sei \u201ekeine Illusion, sondern eine realistische Chance, wenn jetzt die richtigen Weichen gestellt werden\u201c, sagte er.<\/p>\n<p>Dazu d\u00fcrfe es jedoch keine Steuer- und Beitragserh\u00f6hungen geben. Zudem m\u00fcsste die Flexibilit\u00e4t des deutschen Arbeitsmarkts ausgebaut werden. \u201eWas wir aus den Koalitionsverhandlungen h\u00f6ren, geht aber in der Sozial- und Arbeitsmarktpolitik genau in die Gegenrichtung\u201c, sagte Kramer weiter.<\/p>\n<p>Zumal an die Adresse der SPD gewandt warnte Kramer vor einem <a href=\"http:\/\/www.faz.net\/aktuell\/wirtschaft\/wirtschaftspolitik\/arbeitsmarkt-oecd-fuer-gesetzlichen-mindestlohn-in-deutschland-12671174.html\">gesetzlichen fl\u00e4chendeckenden Mindestlohn<\/a>. \u201eWer 8,50 Euro f\u00fcr alle verspricht, sollte ehrlich sagen, dass Besch\u00e4ftigungssicherung auf dem heutigen Niveau oder gar Vollbesch\u00e4ftigung damit nicht zu erreichen ist.\u201c Ein Langzeitarbeitsloser werde in vielen Branchen und Regionen \u201ef\u00fcr staatlich verordnete 8,50 Euro\u201c kaum einen Einstieg in Arbeit finden.<\/p>\n<h2>\u201eWir haben schon funktionierende Regeln\u201c<\/h2>\n<p>Bundeskanzlerin Angela Merkel (CDU) hatte die Arbeitgeber schon am Montagabend, <a href=\"http:\/\/www.faz.net\/aktuell\/wirtschaft\/menschen-wirtschaft\/chef-wechsel-beim-bda-ingo-kramer-wird-arbeitgeberpraesident-in-widrigem-klima-12669976.html\">als Kramer zum Nachfolger Dieter Hundts gew\u00e4hlt worden war<\/a>, auf eine strengere Regulierung des Arbeitsmarktes eingestimmt. In der deutschen Wirtschaft sei es leider \u201evorgekommen, dass aus jeder Flexibilisierung wieder ein Missbrauch\u201c entstanden sei. Sie verwies etwa auf Werkvertrags-Dienstleister, die zur Sicherheit vor Kontrollen auch einen Leiharbeitsschein in der Tasche h\u00e4tten.<\/p>\n<p>Kramer nahm diesen Ball auf dem Arbeitgebertag wieder auf und betonte, es habe in der Tat \u201eeinzelne F\u00e4lle dieser Art\u201c gegeben. Dies sei nicht in Ordnung. \u201eDie Tatsache, dass die Gerichte diese F\u00e4lle nach bestehenden Gesetzen verfolgen, belegt aber, dass wir nicht etwa neue gesetzliche Regelungen brauchen.\u201c<\/p>\n<p>In der Rentenpolitik drohe ein \u201eF\u00fcllhorn von Leistungsausweitungen\u201c, mahnte Kramer au\u00dferdem. Weder die M\u00fctterrente noch die abschlagsfreie Rente mit 63 Jahren sei solide finanziert.<\/p>\n<div class=\"source\">Quelle: <a href=\"http:\/\/www.faz.net\/aktuell\/wirtschaft\/wirtschaftspolitik\/ingo-kramer-neuer-arbeitgeberchef-vollbeschaeftigung-in-deutschland-moeglich-12671257.html\">http:\/\/www.faz.net\/aktuell\/wirtschaft\/wirtschaftspolitik\/ingo-kramer-neuer-arbeitgeberchef-vollbeschaeftigung-in-deutschland-moeglich-12671257.html<\/a><\/div>\n","protected":false},"excerpt":{"rendered":"<p>Nach Jahrzehnten hoher Arbeitslosenzahlen sei Vollbesch\u00e4ftigung bald wieder m\u00f6glich, sagt der neue Arbeitgeberchef Ingo Kramer. Viele Pl\u00e4ne aus den schwarz-roten Koalitionsverhandlungen machen ihm aber Sorgen &#8211; vor allem der Mindestlohn.<\/p>\n","protected":false},"author":1,"featured_media":50086,"comment_status":"open","ping_status":"open","sticky":false,"template":"","format":"standard","meta":{"footnotes":""},"categories":[303,304],"tags":[2007,292,293,266,1794,1044,307],"class_list":["post-20089","post","type-post","status-publish","format-standard","has-post-thumbnail","hentry","category-wirtschaft","category-wirtschaftspolitik","tag-bda","tag-berlin","tag-bundesregierung","tag-deutschland","tag-koalitionsverhandlungen","tag-mindestlohn","tag-spd"],"_links":{"self":[{"href":"https:\/\/de.newseurope.info\/index.php?rest_route=\/wp\/v2\/posts\/20089","targetHints":{"allow":["GET"]}}],"collection":[{"href":"https:\/\/de.newseurope.info\/index.php?rest_route=\/wp\/v2\/posts"}],"about":[{"href":"https:\/\/de.newseurope.info\/index.php?rest_route=\/wp\/v2\/types\/post"}],"author":[{"embeddable":true,"href":"https:\/\/de.newseurope.info\/index.php?rest_route=\/wp\/v2\/users\/1"}],"replies":[{"embeddable":true,"href":"https:\/\/de.newseurope.info\/index.php?rest_route=%2Fwp%2Fv2%2Fcomments&post=20089"}],"version-history":[{"count":0,"href":"https:\/\/de.newseurope.info\/index.php?rest_route=\/wp\/v2\/posts\/20089\/revisions"}],"wp:featuredmedia":[{"embeddable":true,"href":"https:\/\/de.newseurope.info\/index.php?rest_route=\/wp\/v2\/media\/50086"}],"wp:attachment":[{"href":"https:\/\/de.newseurope.info\/index.php?rest_route=%2Fwp%2Fv2%2Fmedia&parent=20089"}],"wp:term":[{"taxonomy":"category","embeddable":true,"href":"https:\/\/de.newseurope.info\/index.php?rest_route=%2Fwp%2Fv2%2Fcategories&post=20089"},{"taxonomy":"post_tag","embeddable":true,"href":"https:\/\/de.newseurope.info\/index.php?rest_route=%2Fwp%2Fv2%2Ftags&post=20089"}],"curies":[{"name":"wp","href":"https:\/\/api.w.org\/{rel}","templated":true}]}}