{"id":20008,"date":"2013-11-16T16:04:50","date_gmt":"2013-11-16T16:04:50","guid":{"rendered":"http:\/\/de.newseurope.info\/?p=20008"},"modified":"2013-11-16T16:04:50","modified_gmt":"2013-11-16T16:04:50","slug":"malta-betreibt-menschenhandel","status":"publish","type":"post","link":"https:\/\/de.newseurope.info\/?p=20008","title":{"rendered":"\u201eMalta betreibt Menschenhandel\u201c"},"content":{"rendered":"<p>F\u00fcr 650.000 Euro will Malta seine Staatsangeh\u00f6rigkeit verkaufen. Politiker im Europ\u00e4ischen Parlament reagieren emp\u00f6rt auf diese Entscheidung. Auch in der Bundesregierung regt sich Widerstand.<\/p>\n<p><!--more--><\/p>\n<p class=\"First\">Im Europ\u00e4ischen Parlament und in der Bundesregierung regt sich Widerstand gegen die Entscheidung Maltas,<a href=\"http:\/\/www.faz.net\/aktuell\/politik\/europaeische-union-malta-verkauft-eu-staatsbuergerschaft-fuer-650-000-euro-12662101.html\"> seine Staatsangeh\u00f6rigkeit f\u00fcr 650.000 Euro zu verkaufen<\/a>. \u201eDie sozialistische Regierung in Malta betreibt modernen Menschenhandel. Das ist erb\u00e4rmlich und niedertr\u00e4chtig\u201c, sagte der CDU-Europaabgeordnete Elmar Brok der Frankfurter Allgemeinen Sonntagszeitung.<\/p>\n<p>Der stellvertretende Vorsitzende der konservativen EVP-Fraktion im Europ\u00e4ischen Parlament, der CSU-Politiker Manfred Weber, sagte: \u201eReisep\u00e4sse f\u00fcr den Schengen-Raum d\u00fcrfen nicht auf dem Basar verscherbelt werden.\u201c Auch der stellvertretende Vorsitzende der Fraktion der Liberalen Alexander Graf Lambsdorff (FDP) \u00e4u\u00dferte sich gegen\u00fcber der F.A.S. emp\u00f6rt: \u201eMalta verwandelt die Staatsangeh\u00f6rigkeit in Handelsware. Das k\u00f6nnen und d\u00fcrfen wir als Europ\u00e4er nicht hinnehmen.\u201c<\/p>\n<p>Brok, Weber und Lambsdorff forderten die EU-Kommission auf zu pr\u00fcfen, ob Malta gegen Buchstaben oder Geist der europ\u00e4ischen Vertr\u00e4ge verst\u00f6\u00dft. In einer ersten Reaktion auf die maltesische Entscheidung hatte die Kommission vergangene Woche darauf verwiesen, die Mitgliedstaaten k\u00f6nnten souver\u00e4n dar\u00fcber entscheiden, wem sie ihre Staatsangeh\u00f6rigkeit verleihen. \u201eDas ist keine nationale Angelegenheit mehr\u201c, hielt der CSU-Politiker Weber dagegen. Malta verkaufe schlie\u00dflich den rechtlichen Zugang zur gesamten EU.<\/p>\n<p>Mit der Staatsangeh\u00f6rigkeit in einem EU-Staat erwirbt jeder B\u00fcrger auch die Unionsb\u00fcrgerschaft. Sie schlie\u00dft das Recht ein, sich in jedem anderen Land der Union aufzuhalten, sich dort wirtschaftlich zu bet\u00e4tigen und an Kommunalwahlen teilzunehmen. \u201eSollte eine rechtliche L\u00fccke bestehen, werden wir den Handel mit Staatsb\u00fcrgerschaften gesetzlich verbieten\u201c, sagte der CDU-Politiker Brok. Die EVP will die maltesische Entscheidung in der n\u00e4chsten Sitzung des Innenausschusses behandeln.<\/p>\n<p>Vertreter der Bundesregierung \u00e4u\u00dferten sich gegen\u00fcber der F.A.S. \u201eirritiert\u201c \u00fcber Malta. Zwar wollten weder der Au\u00dfen- noch der Innenminister dazu Stellung nehmen. Doch wurde Staatsminister Michael Link nach F.A.S.-Informationen beauftragt, beim Rat der EU-Au\u00dfenminister am kommenden Dienstag als Vertreter von Au\u00dfenminister Westerwelle dessen maltesischen Amtskollegen die Verstimmung Berlins mitzuteilen.<\/p>\n<p>In der CSU wird au\u00dferdem erwartet, dass auch Innenminister Friedrich beim n\u00e4chsten Treffen der europ\u00e4ischen Innen- und Justizminister Anfang Dezember auf den maltesischen Vertreter einwirken werde, das Gesetz nicht umzusetzen. Die Regierung in Valletta rechnet im ersten Jahr mit Einnahmen von 30 Millionen Euro durch den Verkauf, in den folgenden Jahren mit einem Mehrfachen dieses Betrags.<\/p>\n<div class=\"source\">Quelle: <a href=\"http:\/\/www.faz.net\/aktuell\/politik\/europaeische-union\/verkauf-der-staatsangehoerigkeit-malta-betreibt-menschenhandel-12667559.html\">http:\/\/www.faz.net\/aktuell\/politik\/europaeische-union\/verkauf-der-staatsangehoerigkeit-malta-betreibt-menschenhandel-12667559.html<\/a><\/div>\n","protected":false},"excerpt":{"rendered":"<p>F\u00fcr 650.000 Euro will Malta seine Staatsangeh\u00f6rigkeit verkaufen. Politiker im Europ\u00e4ischen Parlament reagieren emp\u00f6rt auf diese Entscheidung. Auch in der Bundesregierung regt sich Widerstand.<\/p>\n","protected":false},"author":1,"featured_media":50086,"comment_status":"open","ping_status":"open","sticky":false,"template":"","format":"standard","meta":{"footnotes":""},"categories":[34,21],"tags":[293,306,365,1634,288,1477,582,637],"class_list":["post-20008","post","type-post","status-publish","format-standard","has-post-thumbnail","hentry","category-europaische-union","category-politik","tag-bundesregierung","tag-cdu","tag-csu","tag-elmar-brok","tag-eu-kommission","tag-europaisches-parlament","tag-fdp","tag-malta"],"_links":{"self":[{"href":"https:\/\/de.newseurope.info\/index.php?rest_route=\/wp\/v2\/posts\/20008","targetHints":{"allow":["GET"]}}],"collection":[{"href":"https:\/\/de.newseurope.info\/index.php?rest_route=\/wp\/v2\/posts"}],"about":[{"href":"https:\/\/de.newseurope.info\/index.php?rest_route=\/wp\/v2\/types\/post"}],"author":[{"embeddable":true,"href":"https:\/\/de.newseurope.info\/index.php?rest_route=\/wp\/v2\/users\/1"}],"replies":[{"embeddable":true,"href":"https:\/\/de.newseurope.info\/index.php?rest_route=%2Fwp%2Fv2%2Fcomments&post=20008"}],"version-history":[{"count":0,"href":"https:\/\/de.newseurope.info\/index.php?rest_route=\/wp\/v2\/posts\/20008\/revisions"}],"wp:featuredmedia":[{"embeddable":true,"href":"https:\/\/de.newseurope.info\/index.php?rest_route=\/wp\/v2\/media\/50086"}],"wp:attachment":[{"href":"https:\/\/de.newseurope.info\/index.php?rest_route=%2Fwp%2Fv2%2Fmedia&parent=20008"}],"wp:term":[{"taxonomy":"category","embeddable":true,"href":"https:\/\/de.newseurope.info\/index.php?rest_route=%2Fwp%2Fv2%2Fcategories&post=20008"},{"taxonomy":"post_tag","embeddable":true,"href":"https:\/\/de.newseurope.info\/index.php?rest_route=%2Fwp%2Fv2%2Ftags&post=20008"}],"curies":[{"name":"wp","href":"https:\/\/api.w.org\/{rel}","templated":true}]}}