{"id":19260,"date":"2013-10-28T12:15:55","date_gmt":"2013-10-28T12:15:55","guid":{"rendered":"http:\/\/de.newseurope.info\/?p=19260"},"modified":"2013-10-28T12:15:55","modified_gmt":"2013-10-28T12:15:55","slug":"merkel-will-weiter-uber-freihandel-verhandeln","status":"publish","type":"post","link":"https:\/\/de.newseurope.info\/?p=19260","title":{"rendered":"Merkel will weiter \u00fcber Freihandel verhandeln"},"content":{"rendered":"<p>Sollten die Europ\u00e4er ihre Freihandelsgespr\u00e4che mit Amerika wegen des Abh\u00f6rskandals unterbrechen? Nein, sagt die Kanzlerin. Das deutsche Interesse sei ungebrochen.<\/p>\n<p><!--more--><\/p>\n<p class=\"First\">Trotz der Abh\u00f6raktion gegen Bundeskanzlerin Angela Merkel will die Bundesregierung mit Amerika weiter  \u00fcber ein transatlantisches Wirtschaftsabkommen verhandeln. Das deutsche Interesse an einem Freihandelsabkommen sei ungebrochen, sagte hat Regierungssprecher Steffen Seibert am Montag in Berlin.<\/p>\n<p>Er reagierte damit auf Forderungen von SPD, aber auch aus der CSU, die Verhandlungen auszusetzen, bis die Vorw\u00fcrfe etwa \u00fcber eine Aussp\u00e4hung des Handys von Merkel gekl\u00e4rt seien. Auch der designierte FDP-Chef <a href=\"http:\/\/www.faz.net\/aktuell\/feuilleton\/debatten\/ueberwachung\/christian-lindner-zur-nsa-affaere-freiheit-vor-freihandel-12636123.html\">Christian Lindner hatte in einem Beitrag in der F.A.Z. daf\u00fcr pl\u00e4diert, ein Freihandelsabkommen mit Amerika an das B\u00fcrgerrecht auf Privatsph\u00e4re zu kn\u00fcpfen<\/a>.<\/p>\n<p class=\"ArtikelMultimediaComment\">Was das Freihandelsabkommen zwischen Amerika und Europa konkret bedeutet<\/p>\n<p>Regierungssprecher Seibert betonte, dass die Kanzlerin \u201eoffener\u201c sei, was eine Aussetzung des Swift-Abkommens der EU mit den Vereinigten Staaten zum Austausch von Finanzdaten angehe. Dies <a href=\"http:\/\/www.faz.net\/aktuell\/politik\/bankdaten-austausch-mit-amerika-eu-parlament-will-swift-abkommen-aussetzen-12630641.html\">hatte das Europ\u00e4ische Parlament gefordert<\/a>.<\/p>\n<p>Seibert betonte, dass es sich um einen gravierenden Vertrauensbruch handeln w\u00fcrde, sollten sich die Hinweise auf eine Aussp\u00e4hung als wahr herausstellen. Allerdings sei die Bundesregierung optimistisch, dass sich zerst\u00f6rtes Vertrauen wieder herstellen lasse. \u201eDas deutsch-amerikanische Verh\u00e4ltnis geht \u00fcber Jahrzehnte zur\u00fcck, es hat f\u00fcr Deutschland und Amerika einen ganz gro\u00dfen Stellenwert. Es ist f\u00fcr uns auch weiterhin zentral in unserer Au\u00dfenpolitik\u201c, betonte Merkels Sprecher.<\/p>\n<p class=\"Frage\">Sollten die Europ\u00e4er ihre Freihandelsgespr\u00e4che mit Amerika wegen des Abh\u00f6rskandals unterbrechen?<\/p>\n<form method=\"post\" action=\"\" onsubmit=\"return false-\" id=\"pollform_7_2462193_135106669\"><input type=\"hidden\" name=\"pollId\" value=\"poll_7_2462193\" id=\"pollId\" \/><input type=\"hidden\" name=\"questionId\" value=\"0\" id=\"questionId\" \/><input type=\"hidden\" name=\"forward\" value=\"\/cmlink\/freihandel-7.2462193\" id=\"forward\" \/><\/p>\n<ul class=\"Antworten\">\n<li><input type=\"radio\" name=\"answerId\" value=\"0\" class=\"Radio\" id=\"answerId_7_2462193_1\" \/><label for=\"answerId_7_2462193_1\">Ja.<\/label><\/li>\n<li><input type=\"radio\" name=\"answerId\" value=\"1\" class=\"Radio\" id=\"answerId_7_2462193_2\" \/><label for=\"answerId_7_2462193_2\">Nein.<\/label><\/li>\n<li><input type=\"radio\" name=\"answerId\" value=\"2\" class=\"Radio\" id=\"answerId_7_2462193_3\" \/><label for=\"answerId_7_2462193_3\">Ich halte das Freihandelsabkommen generell f&#038;uuml-r falsch.<\/label><\/li>\n<\/ul>\n<fieldset><input type=\"submit\" value=\"Abstimmen\" class=\"SubmitBtn right\" id=\"submit_7_2462193_135106669\" \/><a href=\"\/uebersichten\/alle-umfragen\/\" class=\"LinkAlleUmfragen\">Alle Umfragen<\/a><\/fieldset>\n<p id=\"info_7_2462193_135106669\">Bitte aktivieren Sie ihre Cookies.<\/p>\n<\/p><\/form>\n<p><script language=\"JavaScript\" type=\"text\/javascript\">jQuery(\"#submit_7_2462193_135106669\").show()-jQuery(\"#info_7_2462193_135106669\").hide()-\/\/ send datajQuery(function(){jQuery(\"#submit_7_2462193_135106669\").click(function(){if (!document.cookie) {jQuery(\"#submit_7_2462193_135106669\").hide()-jQuery(\"#info_7_2462193_135106669\").show()-jQuery(\"#closed_7_2462193_135106669\").hide()-} else {jQuery.ajax({url: \"\/poll\",global: false,type: \"POST\",data: jQuery(\"#pollform_7_2462193_135106669\").serialize(),dataType: \"text\",beforeSend: function(){jQuery('div[id^=\"loading-voting_7_2462193\"]').show()-jQuery('div[id^=\"loading-voting_7_2462193\"]').append('<img decoding=\"async\" src=\"http:\/\/www.faz.net\/img\/layout\/ajax-reload-m.gif\" alt=\"Suche wird durchgef\u00fchrt...\"\/>')-},success: function(data){jQuery('div[id^=\"poll_7_2462193\"]').html(data)-jQuery('div[id^=\"loading-voting_7_2462193\"]').hide()-jQuery('p[id^=\"closed_7_2462193\"]').hide()-}})-}})-})-\/\/ show resultjQuery(function(){jQuery(\"#result_7_2462193_135106669\").click(function(){jQuery.ajax({url: \"\/cmlink\/freihandel-7.2462193\",global: false,type: \"GET\",data: \"showResult=true\",dataType: \"text\",beforeSend: function(){jQuery('div[id^=\"loading-voting_7_2462193\"]').show()-jQuery('div[id^=\"loading-voting_7_2462193\"]').append('<img decoding=\"async\" src=\"http:\/\/www.faz.net\/img\/layout\/ajax-reload-m.gif\" alt=\"Suche wird durchgef\u00fchrt...\"\/>')-},success: function(data){jQuery('div[id^=\"poll_7_2462193\"]').html(data)-jQuery('div[id^=\"loading-voting_7_2462193\"]').hide()-jQuery('p[id^=\"closed_7_2462193\"]').hide()-}})-})-})-<\/script><\/p>\n<div class=\"source\">Quelle: <a href=\"http:\/\/www.faz.net\/aktuell\/wirtschaft\/wirtschaftspolitik\/trotz-abhoeraktion-merkel-will-weiter-ueber-freihandel-verhandeln-12637460.html\">http:\/\/www.faz.net\/aktuell\/wirtschaft\/wirtschaftspolitik\/trotz-abhoeraktion-merkel-will-weiter-ueber-freihandel-verhandeln-12637460.html<\/a><\/div>\n","protected":false},"excerpt":{"rendered":"<p>Sollten die Europ\u00e4er ihre Freihandelsgespr\u00e4che mit Amerika wegen des Abh\u00f6rskandals unterbrechen? Nein, sagt die Kanzlerin. Das deutsche Interesse sei ungebrochen.<\/p>\n","protected":false},"author":1,"featured_media":50086,"comment_status":"open","ping_status":"open","sticky":false,"template":"","format":"standard","meta":{"footnotes":""},"categories":[303,304],"tags":[5347,291,292,293,365,307,544],"class_list":["post-19260","post","type-post","status-publish","format-standard","has-post-thumbnail","hentry","category-wirtschaft","category-wirtschaftspolitik","tag-amerika","tag-angela-merkel","tag-berlin","tag-bundesregierung","tag-csu","tag-spd","tag-steffen-seibert"],"_links":{"self":[{"href":"https:\/\/de.newseurope.info\/index.php?rest_route=\/wp\/v2\/posts\/19260","targetHints":{"allow":["GET"]}}],"collection":[{"href":"https:\/\/de.newseurope.info\/index.php?rest_route=\/wp\/v2\/posts"}],"about":[{"href":"https:\/\/de.newseurope.info\/index.php?rest_route=\/wp\/v2\/types\/post"}],"author":[{"embeddable":true,"href":"https:\/\/de.newseurope.info\/index.php?rest_route=\/wp\/v2\/users\/1"}],"replies":[{"embeddable":true,"href":"https:\/\/de.newseurope.info\/index.php?rest_route=%2Fwp%2Fv2%2Fcomments&post=19260"}],"version-history":[{"count":0,"href":"https:\/\/de.newseurope.info\/index.php?rest_route=\/wp\/v2\/posts\/19260\/revisions"}],"wp:featuredmedia":[{"embeddable":true,"href":"https:\/\/de.newseurope.info\/index.php?rest_route=\/wp\/v2\/media\/50086"}],"wp:attachment":[{"href":"https:\/\/de.newseurope.info\/index.php?rest_route=%2Fwp%2Fv2%2Fmedia&parent=19260"}],"wp:term":[{"taxonomy":"category","embeddable":true,"href":"https:\/\/de.newseurope.info\/index.php?rest_route=%2Fwp%2Fv2%2Fcategories&post=19260"},{"taxonomy":"post_tag","embeddable":true,"href":"https:\/\/de.newseurope.info\/index.php?rest_route=%2Fwp%2Fv2%2Ftags&post=19260"}],"curies":[{"name":"wp","href":"https:\/\/api.w.org\/{rel}","templated":true}]}}