{"id":19126,"date":"2013-10-27T17:14:21","date_gmt":"2013-10-27T17:14:21","guid":{"rendered":"http:\/\/de.newseurope.info\/?p=19126"},"modified":"2013-10-27T17:14:21","modified_gmt":"2013-10-27T17:14:21","slug":"aigner-will-freihandelsgesprache-aussetzen","status":"publish","type":"post","link":"https:\/\/de.newseurope.info\/?p=19126","title":{"rendered":"Aigner will Freihandelsgespr\u00e4che aussetzen"},"content":{"rendered":"<p>Seit Sommer verhandeln Europ\u00e4er und Amerikaner ein umfangreiches Freihandelsabkommen. Wegen der NSA-Aff\u00e4re fordern immer mehr deutsche Politiker, die Gespr\u00e4che auszusetzen. Nun auch Ilse Aigner.<\/p>\n<p><!--more--><\/p>\n<p class=\"First\">Wegen der neuen Sp\u00e4hvorw\u00fcrfe gegen die Vereinigten Staaten kommt nun auch aus der CSU die Forderung, die Gespr\u00e4che \u00fcber ein <a href=\"http:\/\/www.faz.net\/aktuell\/wirtschaft\/wirtschaftspolitik\/abkommen-mit-amerika-wer-in-deutschland-auf-freihandel-setzt-12224885.html\">transatlantisches Freihandelsabkommen<\/a> auszusetzen. Die bayerische Wirtschaftsministerin Ilse Aigner sagte dem \u201eSpiegel\u201c, die Verhandlungen sollte so lange auf Eis gelegt werden, bis die Vorw\u00fcrfe gegen den Geheimdienst NSA gekl\u00e4rt seien.<\/p>\n<p>Aigner war bis vor kurzem Bundesverbraucherministerin und ist in den Koalitionsverhandlungen mit der SPD f\u00fcr Wirtschaftspolitik zust\u00e4ndig. Auch SPD-Chef Sigmar Gabriel hatte gesagt, das Handelsabkommen sei wegen der Sp\u00e4haff\u00e4re in Gefahr. Bundeskanzlerin Angela Merkel hatte sich beim amerikanischen Pr\u00e4sidenten Barack Obama pers\u00f6nlich beschwert, weil ihr Handy von amerikanischen Diensten abgeh\u00f6rt wurde.<\/p>\n<h2>Bev\u00f6lkerung auch f\u00fcr Aussetzung<\/h2>\n<p>Die EU und die Vereinigten Staaten verhandeln seit dem Sommer \u00fcber weitreichende Vereinbarungen, mit denen Handelsschranken beseitigt werden sollen. Regierungen auf beiden Seiten des Atlantiks hoffen, dass so mehr Wachstum und Arbeitspl\u00e4tze entstehen. Deutsche Wirtschaftsverb\u00e4nde haben gefordert, trotz der Aff\u00e4re nicht auf die Verhandlungen verzichten.<\/p>\n<p>Das Stimmungsbild in der Bev\u00f6lkerung sieht anders aus, wie eine Umfrage des Institutes YouGov ergab. 58 Prozent der Deutschen sind demnach daf\u00fcr, die Verhandlungen auszusetzen. 28 Prozent hielten dies f\u00fcr falsch.<\/p>\n<div class=\"source\">Quelle: <a href=\"http:\/\/www.faz.net\/aktuell\/wirtschaft\/wirtschaftspolitik\/wegen-ausspaehaffaere-aigner-will-freihandelsgespraeche-aussetzen-12636027.html\">http:\/\/www.faz.net\/aktuell\/wirtschaft\/wirtschaftspolitik\/wegen-ausspaehaffaere-aigner-will-freihandelsgespraeche-aussetzen-12636027.html<\/a><\/div>\n","protected":false},"excerpt":{"rendered":"<p>Seit Sommer verhandeln Europ\u00e4er und Amerikaner ein umfangreiches Freihandelsabkommen. Wegen der NSA-Aff\u00e4re fordern immer mehr deutsche Politiker, die Gespr\u00e4che auszusetzen. Nun auch Ilse Aigner.<\/p>\n","protected":false},"author":1,"featured_media":50086,"comment_status":"open","ping_status":"open","sticky":false,"template":"","format":"standard","meta":{"footnotes":""},"categories":[303,304],"tags":[5347,365,1505,1450,307,274],"class_list":["post-19126","post","type-post","status-publish","format-standard","has-post-thumbnail","hentry","category-wirtschaft","category-wirtschaftspolitik","tag-amerika","tag-csu","tag-ilse-aigner","tag-nsa","tag-spd","tag-usa"],"_links":{"self":[{"href":"https:\/\/de.newseurope.info\/index.php?rest_route=\/wp\/v2\/posts\/19126","targetHints":{"allow":["GET"]}}],"collection":[{"href":"https:\/\/de.newseurope.info\/index.php?rest_route=\/wp\/v2\/posts"}],"about":[{"href":"https:\/\/de.newseurope.info\/index.php?rest_route=\/wp\/v2\/types\/post"}],"author":[{"embeddable":true,"href":"https:\/\/de.newseurope.info\/index.php?rest_route=\/wp\/v2\/users\/1"}],"replies":[{"embeddable":true,"href":"https:\/\/de.newseurope.info\/index.php?rest_route=%2Fwp%2Fv2%2Fcomments&post=19126"}],"version-history":[{"count":0,"href":"https:\/\/de.newseurope.info\/index.php?rest_route=\/wp\/v2\/posts\/19126\/revisions"}],"wp:featuredmedia":[{"embeddable":true,"href":"https:\/\/de.newseurope.info\/index.php?rest_route=\/wp\/v2\/media\/50086"}],"wp:attachment":[{"href":"https:\/\/de.newseurope.info\/index.php?rest_route=%2Fwp%2Fv2%2Fmedia&parent=19126"}],"wp:term":[{"taxonomy":"category","embeddable":true,"href":"https:\/\/de.newseurope.info\/index.php?rest_route=%2Fwp%2Fv2%2Fcategories&post=19126"},{"taxonomy":"post_tag","embeddable":true,"href":"https:\/\/de.newseurope.info\/index.php?rest_route=%2Fwp%2Fv2%2Ftags&post=19126"}],"curies":[{"name":"wp","href":"https:\/\/api.w.org\/{rel}","templated":true}]}}