{"id":19120,"date":"2013-10-28T17:14:19","date_gmt":"2013-10-28T17:14:19","guid":{"rendered":"http:\/\/de.newseurope.info\/?p=19120"},"modified":"2013-10-28T17:14:19","modified_gmt":"2013-10-28T17:14:19","slug":"privatkasse-will-tarifwechsel-erleichtern","status":"publish","type":"post","link":"https:\/\/de.newseurope.info\/?p=19120","title":{"rendered":"Privatkasse will Tarifwechsel erleichtern"},"content":{"rendered":"<p>Privat Krankenversicherte sollen k\u00fcnftig bei ihrem Anbieter bequem den Tarif wechseln k\u00f6nnen. Versicherer m\u00f6chten sch\u00e4rfere Gesetze der Bundesregierung verhindern.<\/p>\n<p><!--more--><\/p>\n<p class=\"First\">Privat Krankenversicherte k\u00f6nnten schon bald Gelegenheit bekommen, flexibler in einen neuen Tarif ihres Anbieters zu wechseln. Die privaten Krankenkassen wollen f\u00fcr mehr Wettbewerb sorgen, um neuer staatlicher Regulierung zu entgehen. Das hat der neue Vorsitzende des Verbands der Privaten Krankenversicherung (PKV), Uwe Laue, im Gespr\u00e4ch mit dieser Zeitung angek\u00fcndigt. Er ist zugleich der Vorstandsvorsitzende der gr\u00f6\u00dften Krankenversicherung Debeka. \u201eWir bekennen uns eindeutig zum Tarifwechselrecht und wollen es insgesamt st\u00e4rken und versichertenfreundlicher machen.\u201c<\/p>\n<p>Daf\u00fcr braucht es keine Gesetzes\u00e4nderung. Denn der Wechsel innerhalb eines Unternehmens ist laut Versicherungsvertragsgesetz schon seit dem Jahr 1994 m\u00f6glich. Das macht den Vorschlag ein wenig pikant. Denn manche Unternehmen haben bisher eher gemauert, wenn ein Kunde das Gesetz ernst nahm und den Tarif wechseln wollte. \u201eWir m\u00fcssen da besser werden, wir m\u00fcssen mehr Transparenz herstellen\u201c, ruft Laue die eigene Branche zur Ordnung und verspricht: \u201eJede Anfrage nach Tarifalternativen und den Auswirkungen des Tarifwechsels auf die damit verbundenen Leistungen soll in angemessener Frist beantwortet werden.\u201c<\/p>\n<h2>\u00dcbertragbarkeit der Altersr\u00fcckstellung<\/h2>\n<p>Ansto\u00df f\u00fcr den Wandel d\u00fcrfte die Annahme sein, dass eine neue Bundesregierung die PKV wohl st\u00e4rker an die Kandare nehmen wird. Die SPD m\u00f6chte die PKV ohnehin am liebsten abschaffen. Aber auch die Union will ihr mehr Wettbewerb verordnen und unzufriedenen Kunden M\u00f6glichkeiten f\u00fcr einen Wechsel des Versicherungsunternehmens schaffen. Geht es nach ihr, sollen Verbraucher, die ihre Versicherung wechseln wollen, die angesparten Altersr\u00fcckstellungen mitnehmen k\u00f6nnen. In der Union haben sich die Gesundheitspolitiker Jens Spahn (CDU) und Johannes Singhammer (CSU) mehrfach f\u00fcr die \u00dcbertragbarkeit der Altersr\u00fcckstellungen ausgesprochen. Beide sitzen jetzt in den Koalitionsverhandlungen mit der SPD in der Verhandlungsgruppe f\u00fcr Gesundheit, Spahn leitet die Unions-Delegation. Schon 2005 stand im Regierungsvertrag der gro\u00dfen Koalition ein \u201ePr\u00fcfauftrag\u201c f\u00fcr die Mitnahme der Altersr\u00fcckstellungen. Gut m\u00f6glich also, dass in diesem Herbst die M\u00f6glichkeit der Mitnahme (Portabilit\u00e4t) nicht mehr nur gepr\u00fcft, sondern auch gleich eingeleitet werden wird. Das lehnt die PKV aus technischen und rechtlichen Gr\u00fcnden ab.<\/p>\n<p>Das Problem sei nicht ganz so gro\u00df, wie es von manchen gemacht werde, sagt Laue. Mehr als eine Million Kunden, die seit 2009 die PKV w\u00e4hlten, k\u00f6nnten die R\u00fcckstellung bei einem Wechsel mitnehmen. F\u00fcr neue Vertr\u00e4ge seit 2009 w\u00fcrden andere Kalkulationsgrundlagen gelten. F\u00fcr zwei Millionen Kinder gebe es gar keine Altersr\u00fcckstellungen, ein Wechsel werde hier nicht behindert. Doch bleiben damit sechs Millionen PKV-Kunden, die wegen der Altersr\u00fcckstellung an ihren Versicherer gebunden sind. Eine Bindung, die Debeka-Vorstandsvorsitzender Laue aus vielen Gr\u00fcnden f\u00fcr notwendig h\u00e4lt. Nachweislich wechselten vor allem junge Gesunde den Anbieter. Die alten Kranken blieben unter sich. Diese Ballung von Risiken f\u00fchre dann ganz logisch zu steigenden Pr\u00e4mien \u2013 und \u201ezu einer Entsolidarisierung im Versichertenkollektiv\u201c. Der PKV-Verbandsvorsitzende r\u00e4umt ein, dass es bei dieser Art von Transparenz und Kundenfreundlichkeit bei manchen Anbietern Nachholbedarf gebe. In der Branche wird gemutma\u00dft, dass ein Viertel des Marktes betroffen sei. Das hie\u00dfe aber auch, dass anderthalb Millionen Privatversicherte bisher ihr Wechselrecht nur unzureichend nutzen konnten. Das solle jetzt vorbei sein, verspricht Laue. Als Vorbild unter den Anbietern mit unterschiedlichen Tarifen gilt die DKV. Bei ihr k\u00f6nnten die Kunden inzwischen mit Hilfe eines Internetportals Preise und Leistungen auf einfache Weise vergleichen.<\/p>\n<p>Geholfen w\u00e4re den Kunden auch, wenn die neue gro\u00dfe Koalition einen Beschluss der alten gro\u00dfen Koalition von 2007 wiederaufheben w\u00fcrde, sagt Laue. Damals war mit Einf\u00fchrung der Pflicht zur Versicherung auch einen Basistarif in der Privatversicherung eingef\u00fchrt worden. Der kostet maximal 611 Euro im Monat, bietet die Leistungen, die auch die gesetzliche Versicherung hat, und wird von etwa 30.000 Menschen genutzt.<\/p>\n<p>Als der Basistarif 2009 kam, wurde der von der PKV als Sozialtarif angebotene \u201eStandardtarif\u201c f\u00fcr Neukunden geschlossen. Er steht Menschen \u00fcber 55 Jahre offen und bietet ebenfalls Leistungen auf oder leicht \u00fcber dem Niveau der gesetzlichen Versicherung. Er koste die rund 43.000 Versicherten im Schnitt aber deutlich weniger als 300 Euro, f\u00fcr langj\u00e4hrig Versicherte seien es oft sogar kaum mehr als 100 Euro im Monat, sagt Laue. Von der Politik, die den Kunden den Weg in diesen g\u00fcnstigen Tarif versperrt habe, verlangt er nun, ihn auch wieder zu \u00f6ffnen.<\/p>\n<div class=\"source\">Quelle: <a href=\"http:\/\/www.faz.net\/aktuell\/wirtschaft\/wirtschaftspolitik\/gesundheitspolitik-privatkasse-will-tarifwechsel-erleichtern-12636594.html\">http:\/\/www.faz.net\/aktuell\/wirtschaft\/wirtschaftspolitik\/gesundheitspolitik-privatkasse-will-tarifwechsel-erleichtern-12636594.html<\/a><\/div>\n","protected":false},"excerpt":{"rendered":"<p>Privat Krankenversicherte sollen k\u00fcnftig bei ihrem Anbieter bequem den Tarif wechseln k\u00f6nnen. Versicherer m\u00f6chten sch\u00e4rfere Gesetze der Bundesregierung verhindern.<\/p>\n","protected":false},"author":1,"featured_media":50086,"comment_status":"open","ping_status":"open","sticky":false,"template":"","format":"standard","meta":{"footnotes":""},"categories":[303,304],"tags":[292,293,1499,1500,1501,307],"class_list":["post-19120","post","type-post","status-publish","format-standard","has-post-thumbnail","hentry","category-wirtschaft","category-wirtschaftspolitik","tag-berlin","tag-bundesregierung","tag-debeka-versicherungsgruppe","tag-gesundheitspolitik","tag-jens-spahn","tag-spd"],"_links":{"self":[{"href":"https:\/\/de.newseurope.info\/index.php?rest_route=\/wp\/v2\/posts\/19120","targetHints":{"allow":["GET"]}}],"collection":[{"href":"https:\/\/de.newseurope.info\/index.php?rest_route=\/wp\/v2\/posts"}],"about":[{"href":"https:\/\/de.newseurope.info\/index.php?rest_route=\/wp\/v2\/types\/post"}],"author":[{"embeddable":true,"href":"https:\/\/de.newseurope.info\/index.php?rest_route=\/wp\/v2\/users\/1"}],"replies":[{"embeddable":true,"href":"https:\/\/de.newseurope.info\/index.php?rest_route=%2Fwp%2Fv2%2Fcomments&post=19120"}],"version-history":[{"count":0,"href":"https:\/\/de.newseurope.info\/index.php?rest_route=\/wp\/v2\/posts\/19120\/revisions"}],"wp:featuredmedia":[{"embeddable":true,"href":"https:\/\/de.newseurope.info\/index.php?rest_route=\/wp\/v2\/media\/50086"}],"wp:attachment":[{"href":"https:\/\/de.newseurope.info\/index.php?rest_route=%2Fwp%2Fv2%2Fmedia&parent=19120"}],"wp:term":[{"taxonomy":"category","embeddable":true,"href":"https:\/\/de.newseurope.info\/index.php?rest_route=%2Fwp%2Fv2%2Fcategories&post=19120"},{"taxonomy":"post_tag","embeddable":true,"href":"https:\/\/de.newseurope.info\/index.php?rest_route=%2Fwp%2Fv2%2Ftags&post=19120"}],"curies":[{"name":"wp","href":"https:\/\/api.w.org\/{rel}","templated":true}]}}