{"id":19060,"date":"2013-10-25T17:12:11","date_gmt":"2013-10-25T17:12:11","guid":{"rendered":"http:\/\/de.newseurope.info\/?p=19060"},"modified":"2013-10-25T17:12:11","modified_gmt":"2013-10-25T17:12:11","slug":"deutschland-und-eu-schicken-delegation-nach-amerika","status":"publish","type":"post","link":"https:\/\/de.newseurope.info\/?p=19060","title":{"rendered":"Deutschland und EU schicken Delegation nach Amerika"},"content":{"rendered":"<p>Kommende Woche sollen ranghohe Vertreter von EU und Bundesregierung in Washington auf Informationen dringen. Ob sie mehr erfahren als Innenminister Friedrich auf seiner Reise im Sommer? Die deutschen Fragen sind auch nach Monaten noch unbeantwortet.<\/p>\n<p><!--more--><\/p>\n<p class=\"First\">Die Bundesrepublik und die Europ\u00e4ische Union wollen kommende Woche eine Delegation nach Washington schicken. Sie soll dort die Aufkl\u00e4rung der mutma\u00dflichen amerikanischen Lauschangriffe auf EU-B\u00fcrger und Regierungsmitglieder vorantreiben. Geplant seien Gespr\u00e4che im Wei\u00dfen Haus und mit Vertretern des amerikanischen Milit\u00e4rgeheimdienstes NSA, sagte der stellvertretende Regierungssprecher Georg Streiter am Freitag in Berlin.<\/p>\n<p>Demnach sollen der deutschen Abordnung ranghohe Mitglieder der Sicherheitsdienste und des Bundeskanzleramts angeh\u00f6ren. In Sicherheitskreisen hie\u00df es zudem, der Chef des Bundesnachrichtendienstes, Gerhard Schindler, werde Teil der Delegation sein.<\/p>\n<h2>Bis heute keine Antworten<\/h2>\n<p>Die Sp\u00e4haff\u00e4re ist nach Berichten \u00fcber die breit angelegte \u00dcberwachung des franz\u00f6sischen Telefonverkehrs und einem mutma\u00dflichen Angriff auf <a href=\"http:\/\/www.faz.net\/aktuell\/politik\/inland\/merkel-und-ihr-telefon-deshalb-benutze-ich-ein-handy-das-auf-das-parteikonto-laeuft-12633511.html\">das Handy von Bundeskanzlerin Merkel<\/a> wieder in den Mittelpunkt der Aufmerksamkeit ger\u00fcckt. Das Europ\u00e4ische Parlament hatte zuvor eine Untersuchung der Auswirkungen der NSA-Aff\u00e4re auf Europa in die Wege geleitet. Die Aff\u00e4re nahm ihren Lauf, nachdem der ehemalige amerikanischen Geheimdienstmitarbeiter Edward Snowden <a href=\"http:\/\/www.faz.net\/aktuell\/politik\/geheimdienstskandal-chronik-einer-affaere-12632727.html\">vertrauliche NSA-Dokumente ver\u00f6ffentlicht<\/a> hatte.<\/p>\n<p>        \t                        \t<!--\/\/ End Fullscreen Foto \/\/-->    <\/p>\n<p>Die Delegation soll unter anderem darauf dringen, dass die Amerikaner den Umfang der \u00dcberwachung in Europa endlich vollst\u00e4ndig aufdecken und die Fragenkataloge beantworten, die deutsche Beh\u00f6rden den Amerikanern schon vor Monaten \u00fcbermittelt hatten. Nach Angaben von Bundesjustiz- und Bundesinnenministerium liegen dazu bis heute keine Antworten vor.<\/p>\n<h2>\u201eHaben Enth\u00fcllungen sehr ernst genommen\u201c<\/h2>\n<p>Die Vereinigten Staaten h\u00e4tten bislang unter anderem mitgeteilt, dass sie keine Industriespionage betrieben, sagte der Sprecher von Bundesinnenminister Hans-Peter Friedrich (CSU). Dass die Beantwortung der weiteren Fragen so lange dauere, h\u00e4nge damit zusammen, dass in den Vereinigten Staaten der Geheimhaltung unterliegende Informationen noch freigegeben werden m\u00fcssten. Friedrich hatte auf einer Amerika-Reise im Sommer darauf gedrungen, die Fragen schneller zu beantworten. Dies blieb anscheinend ohne Erfolg.<\/p>\n<p>Streiter wies am Freitag auch Vorw\u00fcrfe zur\u00fcck, die Bundesregierung habe der Aff\u00e4re um die angebliche massenhafte Aussp\u00e4hung von Telefon- und Internetdaten auch deutscher B\u00fcrger zu wenig Aufmerksamkeit gewidmet. Die Regierung habe Snowdens Enth\u00fcllungen \u201evom ersten Tag an\u201c sehr ernst genommen, sagte Streiter. \u00c4hnlich hatte auch <a href=\"http:\/\/www.faz.net\/aktuell\/politik\/inland\/nsa-spaehaffaere-friedrich-wehrt-sich-gegen-vorwurf-der-verharmlosung-12633483.html\">Innenminister Friedrich <\/a>reagiert.<\/p>\n<div class=\"source\">Quelle: <a href=\"http:\/\/www.faz.net\/aktuell\/politik\/europaeische-union\/aufklaerung-der-spaehaffaere-deutschland-und-eu-schicken-delegation-nach-amerika-12633944.html\">http:\/\/www.faz.net\/aktuell\/politik\/europaeische-union\/aufklaerung-der-spaehaffaere-deutschland-und-eu-schicken-delegation-nach-amerika-12633944.html<\/a><\/div>\n","protected":false},"excerpt":{"rendered":"<p>Kommende Woche sollen ranghohe Vertreter von EU und Bundesregierung in Washington auf Informationen dringen. Ob sie mehr erfahren als Innenminister Friedrich auf seiner Reise im Sommer? Die deutschen Fragen sind auch nach Monaten noch unbeantwortet.<\/p>\n","protected":false},"author":1,"featured_media":50086,"comment_status":"open","ping_status":"open","sticky":false,"template":"","format":"standard","meta":{"footnotes":""},"categories":[34,21],"tags":[5347,291,292,1460,293,266,284,5344],"class_list":["post-19060","post","type-post","status-publish","format-standard","has-post-thumbnail","hentry","category-europaische-union","category-politik","tag-amerika","tag-angela-merkel","tag-berlin","tag-bnd","tag-bundesregierung","tag-deutschland","tag-eu","tag-europa"],"_links":{"self":[{"href":"https:\/\/de.newseurope.info\/index.php?rest_route=\/wp\/v2\/posts\/19060","targetHints":{"allow":["GET"]}}],"collection":[{"href":"https:\/\/de.newseurope.info\/index.php?rest_route=\/wp\/v2\/posts"}],"about":[{"href":"https:\/\/de.newseurope.info\/index.php?rest_route=\/wp\/v2\/types\/post"}],"author":[{"embeddable":true,"href":"https:\/\/de.newseurope.info\/index.php?rest_route=\/wp\/v2\/users\/1"}],"replies":[{"embeddable":true,"href":"https:\/\/de.newseurope.info\/index.php?rest_route=%2Fwp%2Fv2%2Fcomments&post=19060"}],"version-history":[{"count":0,"href":"https:\/\/de.newseurope.info\/index.php?rest_route=\/wp\/v2\/posts\/19060\/revisions"}],"wp:featuredmedia":[{"embeddable":true,"href":"https:\/\/de.newseurope.info\/index.php?rest_route=\/wp\/v2\/media\/50086"}],"wp:attachment":[{"href":"https:\/\/de.newseurope.info\/index.php?rest_route=%2Fwp%2Fv2%2Fmedia&parent=19060"}],"wp:term":[{"taxonomy":"category","embeddable":true,"href":"https:\/\/de.newseurope.info\/index.php?rest_route=%2Fwp%2Fv2%2Fcategories&post=19060"},{"taxonomy":"post_tag","embeddable":true,"href":"https:\/\/de.newseurope.info\/index.php?rest_route=%2Fwp%2Fv2%2Ftags&post=19060"}],"curies":[{"name":"wp","href":"https:\/\/api.w.org\/{rel}","templated":true}]}}