{"id":18017,"date":"2013-10-24T11:14:25","date_gmt":"2013-10-24T11:14:25","guid":{"rendered":"http:\/\/de.newseurope.info\/?p=18017"},"modified":"2013-10-24T11:14:25","modified_gmt":"2013-10-24T11:14:25","slug":"sharif-verlangt-ende-des-drohnenkrieges","status":"publish","type":"post","link":"https:\/\/de.newseurope.info\/?p=18017","title":{"rendered":"Sharif verlangt Ende des Drohnenkrieges"},"content":{"rendered":"<p>Pakistans Premierminister hat bei seinem Besuch im Wei\u00dfen Haus ein Ende des amerikanischen Drohnenkrieges gefordert. Pr\u00e4sident Obama reagierte ausweichend.<\/p>\n<p><!--more--><\/p>\n<p class=\"First\">Der pakistanische Premierminister Nawaz Sharif hat von Amerikas Pr\u00e4sident Barack Obama ein Ende der Drohnenangriffe in seinem Land gefordert. \u201eIch habe auch das Thema Drohnen bei unserem Treffen angesprochen und die Notwendigkeit betont, dass solche Angriffe aufh\u00f6ren m\u00fcssen\u201c, sagte Sharif am Mittwoch nach einem Besuch im Wei\u00dfen Haus. Dennoch w\u00fcrden beide L\u00e4nder im Anti-Terrorkampf eng zusammenarbeiten.<\/p>\n<p>Das Thema Drohnen ist eines der wesentlichen Streitthemen zwischen Pakistan und den Vereinigten Staaten. Die Attacken im afghanischen Grenzgebiet seien ein \u201egro\u00dfer St\u00f6rfaktor\u201c im bilateralen Verh\u00e4ltnis, sagte Sharif bereits vor dem Treffen mit Obama vor dem amerikanischen Friedensinstitut (USIP) in Washington. Sie schadeten den Bem\u00fchungen Pakistans, den Terrorismus im eigenen Land auszul\u00f6schen.<\/p>\n<p>Amerika setzt die unbemannten Flugzeuge ein, um mutma\u00dfliche Terroristen im Ausland gezielt zu t\u00f6ten. Dabei kommen immer wieder Unschuldige ums Leben. Nach unbest\u00e4tigten Angaben sollen schon mehr als 2500 Menschen get\u00f6tet worden sein. Die Menschenrechtsorganisation Amnesty International wirft den Amerikanern vor, bei den Angriffen V\u00f6lkerrecht zu brechen. Das Wei\u00dfe Haus verteidigte die Aktionen als \u201epr\u00e4zise, rechtm\u00e4\u00dfig und effektiv\u201c.<\/p>\n<p>Obama ging bei dem Treffen mit Sharif nicht ausdr\u00fccklich auf das Thema Drohen ein. Er sagte lediglich, bei der milit\u00e4rischen Zusammenarbeit m\u00fcsse \u201edie Souver\u00e4nit\u00e4t Pakistans respektiert\u201c werden. \u201eDies ist eine Herausforderung, es ist nicht einfach.\u201c<\/p>\n<p>Das Treffen im Wei\u00dfen Haus sei ein Zeichen der Bem\u00fchungen Washingtons, den Konflikt \u00fcber die Drohnen privat zu besprechen, sagte eine Sprecherin des amerikanischen Au\u00dfenministeriums.<schmitt-tegge.johannes- 30=\"\" 49=\"\" auslanddpa=\"\" aw=\"\" p=\"\" pm=\"\" politik-=\"\" rgen=\"\" xx=\"\" z2=\"\"> <\/schmitt-tegge.johannes-><\/p>\n<div class=\"source\">Quelle: <a href=\"http:\/\/www.faz.net\/aktuell\/politik\/ausland\/pakistans-premierminister-in-amerika-sharif-verlangt-ende-des-drohnenkrieges-12631634.html\">http:\/\/www.faz.net\/aktuell\/politik\/ausland\/pakistans-premierminister-in-amerika-sharif-verlangt-ende-des-drohnenkrieges-12631634.html<\/a><\/div>\n","protected":false},"excerpt":{"rendered":"<p>Pakistans Premierminister hat bei seinem Besuch im Wei\u00dfen Haus ein Ende des amerikanischen Drohnenkrieges gefordert. Pr\u00e4sident Obama reagierte ausweichend.<\/p>\n","protected":false},"author":1,"featured_media":50086,"comment_status":"open","ping_status":"open","sticky":false,"template":"","format":"standard","meta":{"footnotes":""},"categories":[35,21],"tags":[5347,272,559,560,273,274,275],"class_list":["post-18017","post","type-post","status-publish","format-standard","has-post-thumbnail","hentry","category-ausland","category-politik","tag-amerika","tag-barack-obama","tag-drohne","tag-nawaz-sharif","tag-pakistan","tag-usa","tag-washington"],"_links":{"self":[{"href":"https:\/\/de.newseurope.info\/index.php?rest_route=\/wp\/v2\/posts\/18017","targetHints":{"allow":["GET"]}}],"collection":[{"href":"https:\/\/de.newseurope.info\/index.php?rest_route=\/wp\/v2\/posts"}],"about":[{"href":"https:\/\/de.newseurope.info\/index.php?rest_route=\/wp\/v2\/types\/post"}],"author":[{"embeddable":true,"href":"https:\/\/de.newseurope.info\/index.php?rest_route=\/wp\/v2\/users\/1"}],"replies":[{"embeddable":true,"href":"https:\/\/de.newseurope.info\/index.php?rest_route=%2Fwp%2Fv2%2Fcomments&post=18017"}],"version-history":[{"count":0,"href":"https:\/\/de.newseurope.info\/index.php?rest_route=\/wp\/v2\/posts\/18017\/revisions"}],"wp:featuredmedia":[{"embeddable":true,"href":"https:\/\/de.newseurope.info\/index.php?rest_route=\/wp\/v2\/media\/50086"}],"wp:attachment":[{"href":"https:\/\/de.newseurope.info\/index.php?rest_route=%2Fwp%2Fv2%2Fmedia&parent=18017"}],"wp:term":[{"taxonomy":"category","embeddable":true,"href":"https:\/\/de.newseurope.info\/index.php?rest_route=%2Fwp%2Fv2%2Fcategories&post=18017"},{"taxonomy":"post_tag","embeddable":true,"href":"https:\/\/de.newseurope.info\/index.php?rest_route=%2Fwp%2Fv2%2Ftags&post=18017"}],"curies":[{"name":"wp","href":"https:\/\/api.w.org\/{rel}","templated":true}]}}