{"id":18007,"date":"2013-10-23T11:14:22","date_gmt":"2013-10-23T11:14:22","guid":{"rendered":"http:\/\/de.newseurope.info\/?p=18007"},"modified":"2013-10-23T11:14:22","modified_gmt":"2013-10-23T11:14:22","slug":"amerika-hat-am-handy-der-kanzlerin-gelauscht","status":"publish","type":"post","link":"https:\/\/de.newseurope.info\/?p=18007","title":{"rendered":"Amerika hat am Handy der Kanzlerin gelauscht"},"content":{"rendered":"<p>Das Handy von Angela Merkel ist von amerikanischen Geheimdiensten \u00fcberwacht worden. Die Bundesregierung hat bei der amerikanischen Regierung Aufkl\u00e4rung verlangt. Diese wies die Vorw\u00fcrfe zur\u00fcck.<\/p>\n<p><!--more--><\/p>\n<p class=\"First\">Bundeskanzlerin Angela Merkel war offenbar \u00fcber Jahre hinweg Ziel amerikanischer Geheimdienste. <a href=\"http:\/\/www.spiegel.de\/politik\/deutschland\/nsa-merkel-beschwert-sich-bei-obama-a-929636.html\">Nach Informationen des Nachrichtenmagazins <\/a><a href=\"http:\/\/www.spiegel.de\/politik\/deutschland\/nsa-merkel-beschwert-sich-bei-obama-a-929636.html\">\u201eDer <\/a><a href=\"http:\/\/www.spiegel.de\/politik\/deutschland\/nsa-merkel-beschwert-sich-bei-obama-a-929636.html\">Spiegel<\/a><a href=\"http:\/\/www.spiegel.de\/politik\/deutschland\/nsa-merkel-beschwert-sich-bei-obama-a-929636.html\">\u201c<\/a> haben Merkel ernstzunehmende Hinweise dazu veranlasst, sich am Mittwoch beim amerikanischen Pr\u00e4sidenten Barack Obama zu beschweren. Die Hinweise legten nahe, dass amerikanische Geheimdienste Merkels privates Handy zum Zielobjekt erkl\u00e4rt h\u00e4tten. Obama habe die Abh\u00f6rvorw\u00fcrfe zur\u00fcckgewiesen, hie\u00df es aus dem Wei\u00dfen Haus.<\/p>\n<p>Es gebe keine \u00dcberwachung von Merkels Kommunikation und es werde keine geben, sagte der amerikanische Regierungssprecher Jay Carney am Mittwoch in Washington. Ob das auch f\u00fcr die Vergangenheit gilt, blieb in seinem Statement offen.<\/p>\n<p>Merkels Sprecher Steffen Seibert sagte, die Kanzlerin habe in dem Telefonat mit Pr\u00e4sident Obama klar gemacht, \u201edass sie solche Praktiken, wenn sich die Hinweise bewahrheiten sollten, unmissverst\u00e4ndlich missbilligt und als v\u00f6llig inakzeptabel ansieht\u201c.<\/p>\n<h2>Deutschland erwartet klare vertragliche Grundlage<\/h2>\n<p>Die Kanzlerin hielt den Verdacht offenbar f\u00fcr ausreichend plausibel, um die amerikanische Regierung damit zu konfrontieren. Woher die Bundesregierung ihren Verdacht sch\u00f6pft, blieb unklar. Bislang hatte die Bundesregierung immer betont, dass sie ihre Mobiltelefone f\u00fcr abh\u00f6rsicher h\u00e4lt.<\/p>\n<p>Dem Nachrichtenmagazin zufolge forderte Merkel zudem Aufkl\u00e4rung \u00fcber den m\u00f6glichen Umfang solcher Abh\u00f6rpraktiken und Antworten auf Fragen, die die Bundesregierung bereits vor Monaten gestellt hatte. Deutschland erwarte eine klare vertragliche Grundlage \u00fcber die T\u00e4tigkeit der Geheimdienste und ihre Zusammenarbeit.<\/p>\n<h2>\u201eEin ganz schwerer Vertrauensbruch\u201c<\/h2>\n<p>Wegen der Aff\u00e4re kam Merkel am Mittwochnachmittag mit Kanzleramtschef Ronald Pofalla und den beiden f\u00fchrenden Vertretern des Parlamentarischen Kontrollgremiums, Thomas Oppermann (SPD) und Michael Grosse-Br\u00f6mer (CDU), zusammen. Das Gremium des Bundestages ist f\u00fcr die Kontrolle deutscher Geheimdienste zust\u00e4ndig. Daneben h\u00e4tten in Berlin Gespr\u00e4che mit Vertretern der amerikanischen Regierung stattgefunden. Diese m\u00fcssten fortgesetzt werden, sagte Seibert.<\/p>\n<p>Unterdessen fordert auch die SPD umfassende Aufkl\u00e4rung seitens der amerikanischen Regierung. \u201eSollte dieser Vorwurf zutreffen, w\u00e4re das ein ganz schwerer Vertrauensbruch\u201c, sagte Thomas Oppermann. Noch im Wahlkampf hatte Oppermann der Kanzlerin vorgeworfen, die Aff\u00e4re um die Aussp\u00e4hung durch den amerikanischen Geheimdienst NSA nicht energisch genug aufzukl\u00e4ren.<\/p>\n<p>Die Aktivit\u00e4ten des Geheimdienstes NSA sorgen seit Monaten f\u00fcr diplomatische Verstimmungen zwischen den Vereinigten Staaten und selbst engen Verb\u00fcndeten. <a href=\"http:\/\/www.faz.net\/aktuell\/politik\/ausland\/amerika\/botschafter-einbestellt-frankreich-empoert-ueber-nsa-spionage-12626967.html\">So bestellte der franz\u00f6sische Au\u00dfenminister Laurent Fabius in dieser Woche den amerikanischen Botschafter ein<\/a>. Hintergrund war ein Medienbericht \u00fcber eine gro\u00dfangelegte Abh\u00f6raktion der NSA in Frankreich.<\/p>\n<div class=\"source\">Quelle: <a href=\"http:\/\/www.faz.net\/aktuell\/politik\/ausland\/merkel-beschwert-sich-bei-obama-amerika-hat-am-handy-der-kanzlerin-gelauscht-12631287.html\">http:\/\/www.faz.net\/aktuell\/politik\/ausland\/merkel-beschwert-sich-bei-obama-amerika-hat-am-handy-der-kanzlerin-gelauscht-12631287.html<\/a><\/div>\n","protected":false},"excerpt":{"rendered":"<p>Das Handy von Angela Merkel ist von amerikanischen Geheimdiensten \u00fcberwacht worden. Die Bundesregierung hat bei der amerikanischen Regierung Aufkl\u00e4rung verlangt. Diese wies die Vorw\u00fcrfe zur\u00fcck.<\/p>\n","protected":false},"author":1,"featured_media":50086,"comment_status":"open","ping_status":"open","sticky":false,"template":"","format":"standard","meta":{"footnotes":""},"categories":[35,21],"tags":[5347,291,272,293,544],"class_list":["post-18007","post","type-post","status-publish","format-standard","has-post-thumbnail","hentry","category-ausland","category-politik","tag-amerika","tag-angela-merkel","tag-barack-obama","tag-bundesregierung","tag-steffen-seibert"],"_links":{"self":[{"href":"https:\/\/de.newseurope.info\/index.php?rest_route=\/wp\/v2\/posts\/18007","targetHints":{"allow":["GET"]}}],"collection":[{"href":"https:\/\/de.newseurope.info\/index.php?rest_route=\/wp\/v2\/posts"}],"about":[{"href":"https:\/\/de.newseurope.info\/index.php?rest_route=\/wp\/v2\/types\/post"}],"author":[{"embeddable":true,"href":"https:\/\/de.newseurope.info\/index.php?rest_route=\/wp\/v2\/users\/1"}],"replies":[{"embeddable":true,"href":"https:\/\/de.newseurope.info\/index.php?rest_route=%2Fwp%2Fv2%2Fcomments&post=18007"}],"version-history":[{"count":0,"href":"https:\/\/de.newseurope.info\/index.php?rest_route=\/wp\/v2\/posts\/18007\/revisions"}],"wp:featuredmedia":[{"embeddable":true,"href":"https:\/\/de.newseurope.info\/index.php?rest_route=\/wp\/v2\/media\/50086"}],"wp:attachment":[{"href":"https:\/\/de.newseurope.info\/index.php?rest_route=%2Fwp%2Fv2%2Fmedia&parent=18007"}],"wp:term":[{"taxonomy":"category","embeddable":true,"href":"https:\/\/de.newseurope.info\/index.php?rest_route=%2Fwp%2Fv2%2Fcategories&post=18007"},{"taxonomy":"post_tag","embeddable":true,"href":"https:\/\/de.newseurope.info\/index.php?rest_route=%2Fwp%2Fv2%2Ftags&post=18007"}],"curies":[{"name":"wp","href":"https:\/\/api.w.org\/{rel}","templated":true}]}}