{"id":18005,"date":"2013-10-23T11:14:22","date_gmt":"2013-10-23T11:14:22","guid":{"rendered":"http:\/\/de.newseurope.info\/?p=18005"},"modified":"2013-10-23T11:14:22","modified_gmt":"2013-10-23T11:14:22","slug":"deutsch-franzosische-brigade-vor-unsicherer-zukunft","status":"publish","type":"post","link":"https:\/\/de.newseurope.info\/?p=18005","title":{"rendered":"Deutsch-franz\u00f6sische Brigade vor unsicherer Zukunft"},"content":{"rendered":"<p>Paris erw\u00e4gt, sein Infanterieregiment der deutsch-franz\u00f6sischen Brigade abzuziehen oder ganz aufzul\u00f6sen. Grund sind Sparma\u00dfnahmen. Deutsche Politiker \u00e4u\u00dferten sich kritisch.<\/p>\n<p><!--more--><\/p>\n<p class=\"First\">Das franz\u00f6sische Verteidigungsministerium erw\u00e4gt, das in Donaueschingen stationierte 110. Infanterieregiment aus Kostengr\u00fcnden abzuziehen oder sogar aufzul\u00f6sen. Das k\u00f6nnte gerade dann der Fall sein, wenn sich die k\u00fcnftige Bundesregierung dem Willen der franz\u00f6sischen Regierung widersetzen sollte, die Verwendbarkeit der deutsch-franz\u00f6sischen Brigade im Rahmen der europ\u00e4ischen Verteidigungspolitik zu verbessern.<\/p>\n<p>Der \u201eAusbau\u201c der Brigade zu einem \u201emehr aktiven und operationellen\u201c Instrument ist nach den Worten des franz\u00f6sischen Verteidigungsministers Jean-Yves Le Drian Bestandteil der Verhandlungen \u00fcber den Standort Donaueschingen. Anfang n\u00e4chster Woche wird Verteidigungsminister Thomas de Maizi\u00e8re (CDU) zu Gespr\u00e4chen in Paris erwartet. In den 24 Jahren ihres Bestehens ist es aufgrund unterschiedlicher Einsatzregeln nicht gelungen, die deutsch-franz\u00f6sische Brigade geschlossen in Auslandskampfeins\u00e4tze zu schicken.<\/p>\n<h2>Arnold: M\u00fcssen Unterschiede \u00fcberwinden<\/h2>\n<p>Von den k\u00fcnftigen Koalitionspartnern CDU\/CSU und SPD wird die Kritik aus Frankreich unterschiedlich bewertet: Der stellvertretende Fraktionsvorsitzende der Unionsfraktion im Bundestag Andreas Schockenhoff sagte, angesichts der derzeit gef\u00fchrten Diskussionen \u00fcber eine Intensivierung der Zusammenarbeit in der Au\u00dfen- und Sicherheitspolitik in Europa sei es ein \u201eabsolut falsches Zeichen\u201c, sie jetzt zu schw\u00e4chen.<\/p>\n<p>SPD und CDU\/CSU m\u00fcssten jetzt das Entscheidungsverfahren \u00fcber Auslandseins\u00e4tze in integrierten Verb\u00e4nden wie der deutsch-franz\u00f6sischen Brigade kl\u00e4ren: \u201eWir m\u00fcssen uns st\u00e4rker an der Einsatzrealit\u00e4t orientieren und \u00fcberlegen, wie wir mit dem Parlamentsbeteiligungsgesetz f\u00fcr unsere Partner berechenbarer sein k\u00f6nnen\u201c, sagte Schockenhoff dieser Zeitung.<\/p>\n<p>Der verteidigungspolitische Sprecher der SPD-Bundestagsfraktion, Rainer Arnold, sagte, wenn man einen einheitlichen Verband wolle, m\u00fcssten die Unterschiede in Ausstattung, Ausbildung und in der Milit\u00e4rkultur \u00fcberwunden werden. Die M\u00f6glichkeiten des Parlamentsbeteiligungsgesetzes seien ausreichend. In der bisherigen Bundesregierung habe der politische Wille f\u00fcr gemeinsame Eins\u00e4tze in Libyen oder Mali gefehlt.<\/p>\n<div class=\"source\">Quelle: <a href=\"http:\/\/www.faz.net\/aktuell\/politik\/ausland\/europa\/donaueschingen-deutsch-franzoesische-brigade-vor-unsicherer-zukunft-12631161.html\">http:\/\/www.faz.net\/aktuell\/politik\/ausland\/europa\/donaueschingen-deutsch-franzoesische-brigade-vor-unsicherer-zukunft-12631161.html<\/a><\/div>\n","protected":false},"excerpt":{"rendered":"<p>Paris erw\u00e4gt, sein Infanterieregiment der deutsch-franz\u00f6sischen Brigade abzuziehen oder ganz aufzul\u00f6sen. Grund sind Sparma\u00dfnahmen. Deutsche Politiker \u00e4u\u00dferten sich kritisch.<\/p>\n","protected":false},"author":1,"featured_media":50086,"comment_status":"open","ping_status":"open","sticky":false,"template":"","format":"standard","meta":{"footnotes":""},"categories":[35,21],"tags":[540,541,293,306,365,542,386,543],"class_list":["post-18005","post","type-post","status-publish","format-standard","has-post-thumbnail","hentry","category-ausland","category-politik","tag-andreas-schockenhoff","tag-bmvg","tag-bundesregierung","tag-cdu","tag-csu","tag-donaueschingen","tag-paris","tag-rainer-arnold"],"_links":{"self":[{"href":"https:\/\/de.newseurope.info\/index.php?rest_route=\/wp\/v2\/posts\/18005","targetHints":{"allow":["GET"]}}],"collection":[{"href":"https:\/\/de.newseurope.info\/index.php?rest_route=\/wp\/v2\/posts"}],"about":[{"href":"https:\/\/de.newseurope.info\/index.php?rest_route=\/wp\/v2\/types\/post"}],"author":[{"embeddable":true,"href":"https:\/\/de.newseurope.info\/index.php?rest_route=\/wp\/v2\/users\/1"}],"replies":[{"embeddable":true,"href":"https:\/\/de.newseurope.info\/index.php?rest_route=%2Fwp%2Fv2%2Fcomments&post=18005"}],"version-history":[{"count":0,"href":"https:\/\/de.newseurope.info\/index.php?rest_route=\/wp\/v2\/posts\/18005\/revisions"}],"wp:featuredmedia":[{"embeddable":true,"href":"https:\/\/de.newseurope.info\/index.php?rest_route=\/wp\/v2\/media\/50086"}],"wp:attachment":[{"href":"https:\/\/de.newseurope.info\/index.php?rest_route=%2Fwp%2Fv2%2Fmedia&parent=18005"}],"wp:term":[{"taxonomy":"category","embeddable":true,"href":"https:\/\/de.newseurope.info\/index.php?rest_route=%2Fwp%2Fv2%2Fcategories&post=18005"},{"taxonomy":"post_tag","embeddable":true,"href":"https:\/\/de.newseurope.info\/index.php?rest_route=%2Fwp%2Fv2%2Ftags&post=18005"}],"curies":[{"name":"wp","href":"https:\/\/api.w.org\/{rel}","templated":true}]}}