{"id":17810,"date":"2013-10-23T14:13:02","date_gmt":"2013-10-23T14:13:02","guid":{"rendered":"http:\/\/de.newseurope.info\/?p=17810"},"modified":"2013-10-23T14:13:02","modified_gmt":"2013-10-23T14:13:02","slug":"washington-gibt-milliarden-fur-pakistan-frei","status":"publish","type":"post","link":"https:\/\/de.newseurope.info\/?p=17810","title":{"rendered":"Washington gibt Milliarden f\u00fcr Pakistan frei"},"content":{"rendered":"<p>Pakistan erh\u00e4lt von Washington Hilfsgelder im Umfang von 1,2 Milliarden Euro. Der Gro\u00dfteil davon entf\u00e4llt auf Milit\u00e4rhilfen. Heute Abend ist ein Treffen von Premierminister Sharif mit Barack Obama geplant.<\/p>\n<p><!--more--><\/p>\n<p class=\"First\">Die Vereinigten Staaten haben Hilfsgelder f\u00fcr Pakistan in H\u00f6he von 1,6 Milliarden Dollar (umgerechnet knapp 1,2 Milliarden Euro) freigegeben. Der Gro\u00dfteil davon entf\u00e4llt auf Milit\u00e4rhilfen, die sich auf knapp 1,4 Milliarden Dollar belaufen, \u00e4u\u00dferte die Sprecherin des amerikanischen Au\u00dfenministeriums am Dienstag in Washington. Hinzu kommen 260 Millionen Dollar zivile Unterst\u00fctzung. Es handele sich um Zahlungen, die schon in fr\u00fcheren Haushaltsjahren beschlossen worden seien.<\/p>\n<p>Das Au\u00dfenministerium bat den Kongress au\u00dferdem, f\u00fcr das kommende Jahr Hilfen im Umfang von rund 1,2 Milliarden Dollar zu genehmigen. Pakistan soll demnach Zahlungen im Umfang von rund 860 Millionen Dollar f\u00fcr zivile Projekte sowie gut 300 Millionen Dollar in Form einer Anti-Terror-Hilfe erhalten. Die Zahlung der Milit\u00e4rhilfe war wegen der diplomatischen Verwerfungen in den vergangenen beiden Jahren ausgesetzt worden.<\/p>\n<h2>Sharif trifft Obama<\/h2>\n<p>Pakistans Premierminister Nawaz Sharif weilt derzeit zu einem Staatsbesuch in den Vereinigten Staaten. Am Mittwoch sollte er mit dem amerikanischen Pr\u00e4sidenten Barack Obama zusammentreffen. Die viert\u00e4gige Visite des im Mai gew\u00e4hlten Sharif ist der rangh\u00f6chste Besuch eines pakistanischen Politikers seit Jahren. Seit seinem Amtsantritt bem\u00fchen sich beide Seiten um eine Verbesserung ihrer Beziehungen.<\/p>\n<p>Das Verh\u00e4ltnis zwischen Washington und Islamabad war wegen der T\u00f6tung von Al-Qaida-Chef Usama Bin Ladin durch ein amerikanisches Spezialkommando im Mai 2011 in Pakistan schwer belastet worden. Weitere Verwerfungen verursachten ein versehentlicher amerikanischer Bombenangriff auf pakistanische Soldaten sowie zahlreiche amerikanische Drohnenangriffe im pakistanischen Grenzgebiet zu Afghanistan. Dabei sollen Hochburgen von islamistischen K\u00e4mpfern getroffen werden, immer wieder werden dabei Zivilisten get\u00f6tet. sollen.<\/p>\n<div class=\"source\">Quelle: <a href=\"http:\/\/www.faz.net\/aktuell\/politik\/ausland\/asien\/ruestung-washington-gibt-milliarden-fuer-pakistan-frei-12630301.html\">http:\/\/www.faz.net\/aktuell\/politik\/ausland\/asien\/ruestung-washington-gibt-milliarden-fuer-pakistan-frei-12630301.html<\/a><\/div>\n","protected":false},"excerpt":{"rendered":"<p>Pakistan erh\u00e4lt von Washington Hilfsgelder im Umfang von 1,2 Milliarden Euro. Der Gro\u00dfteil davon entf\u00e4llt auf Milit\u00e4rhilfen. Heute Abend ist ein Treffen von Premierminister Sharif mit Barack Obama geplant.<\/p>\n","protected":false},"author":1,"featured_media":50086,"comment_status":"open","ping_status":"open","sticky":false,"template":"","format":"standard","meta":{"footnotes":""},"categories":[35,21],"tags":[271,272,273,274,275],"class_list":["post-17810","post","type-post","status-publish","format-standard","has-post-thumbnail","hentry","category-ausland","category-politik","tag-al-qaida","tag-barack-obama","tag-pakistan","tag-usa","tag-washington"],"_links":{"self":[{"href":"https:\/\/de.newseurope.info\/index.php?rest_route=\/wp\/v2\/posts\/17810","targetHints":{"allow":["GET"]}}],"collection":[{"href":"https:\/\/de.newseurope.info\/index.php?rest_route=\/wp\/v2\/posts"}],"about":[{"href":"https:\/\/de.newseurope.info\/index.php?rest_route=\/wp\/v2\/types\/post"}],"author":[{"embeddable":true,"href":"https:\/\/de.newseurope.info\/index.php?rest_route=\/wp\/v2\/users\/1"}],"replies":[{"embeddable":true,"href":"https:\/\/de.newseurope.info\/index.php?rest_route=%2Fwp%2Fv2%2Fcomments&post=17810"}],"version-history":[{"count":0,"href":"https:\/\/de.newseurope.info\/index.php?rest_route=\/wp\/v2\/posts\/17810\/revisions"}],"wp:featuredmedia":[{"embeddable":true,"href":"https:\/\/de.newseurope.info\/index.php?rest_route=\/wp\/v2\/media\/50086"}],"wp:attachment":[{"href":"https:\/\/de.newseurope.info\/index.php?rest_route=%2Fwp%2Fv2%2Fmedia&parent=17810"}],"wp:term":[{"taxonomy":"category","embeddable":true,"href":"https:\/\/de.newseurope.info\/index.php?rest_route=%2Fwp%2Fv2%2Fcategories&post=17810"},{"taxonomy":"post_tag","embeddable":true,"href":"https:\/\/de.newseurope.info\/index.php?rest_route=%2Fwp%2Fv2%2Ftags&post=17810"}],"curies":[{"name":"wp","href":"https:\/\/api.w.org\/{rel}","templated":true}]}}